{"id":8255,"date":"2026-04-28T15:03:19","date_gmt":"2026-04-28T15:03:19","guid":{"rendered":"https:\/\/empatiacomunidad.com\/?p=8255"},"modified":"2026-04-28T15:03:22","modified_gmt":"2026-04-28T15:03:22","slug":"redecir-nuevos-episodios-para-comunicar-con-sentido","status":"publish","type":"post","link":"https:\/\/empatiacomunidad.com\/pt\/redecir-nuevos-episodios-para-comunicar-con-sentido\/","title":{"rendered":"RE|DECIR: nuevos episodios para comunicar con sentido"},"content":{"rendered":"<p>En Empat\u00eda Comunidad seguimos ampliando las conversaciones de RE|DECIR, nuestro podcast sobre comunicaci\u00f3n, prop\u00f3sito y v\u00ednculos en contextos complejos.<\/p>\n\n\n\n<p>Ya est\u00e1 disponible el episodio 4, en el que conversamos con <strong>Liora Gomel<\/strong>, comunicadora social, educadora y consultora en derechos humanos y diversidad, con m\u00e1s de 25 a\u00f1os de trayectoria en el \u00e1mbito de la comunicaci\u00f3n, el fortalecimiento institucional y el trabajo con organizaciones p\u00fablicas, sociales y comunitarias.<\/p>\n\n\n\n<p>Pr\u00f3ximo a <strong>Claudia Armesto <\/strong>y <strong>Patricia Mart\u00edn<\/strong>, abordamos una pregunta central:<strong> \u00bfc\u00f3mo comunicamos derechos sin vaciarlos de sentido?<\/strong><\/p>\n\n\n\n<p>A lo largo del episodio, reflexionamos sobre el poder del lenguaje, la responsabilidad que implica comunicar temas sensibles y el rol que cada uno de nosotros tiene en la construcci\u00f3n de una realidad m\u00e1s justa e inclusiva.<\/p>\n\n\n\n<p>Escuch\u00e1 el episodio en Spotify:<br><a href=\"https:\/\/open.spotify.com\/episode\/4sg8Hj5G9tBsQsAUdOSiYW?si=pEEv4Lr8RbWProvUFUIERw\">https:\/\/open.spotify.com\/episode\/4sg8Hj5G9tBsQsAUdOSiYW?si=pEEv4Lr8RbWProvUFUIERw<\/a><\/p>\n\n\n\n<p>En los pr\u00f3ximos d\u00edas se suma un nuevo episodio con <strong>Natalia Stanchi<\/strong>, Licenciada en Comunicaci\u00f3n Social, con especializaci\u00f3n en g\u00e9nero, derechos humanos y sostenibilidad, y m\u00e1s de 10 a\u00f1os de experiencia en organizaciones sociales. Actualmente es Directora Ejecutiva de <strong>Fundaci\u00f3n Mediapila<\/strong>, organizaci\u00f3n que desde hace m\u00e1s de 20 a\u00f1os \u2014y transitando su a\u00f1o 21\u2014 trabaja con mujeres en situaci\u00f3n de vulnerabilidad, generando oportunidades reales de formaci\u00f3n, trabajo y transformaci\u00f3n.<\/p>\n\n\n\n<p>En esta conversaci\u00f3n, abordamos <strong>c\u00f3mo se construyen oportunidades donde antes no exist\u00edan<\/strong>, a partir de modelos que integran formaci\u00f3n, trabajo y comunidad. Profundizamos en el rol del liderazgo con perspectiva de g\u00e9nero, el acompa\u00f1amiento integral de procesos y c\u00f3mo la innovaci\u00f3n \u2014incluida la incorporaci\u00f3n de tecnolog\u00eda\u2014 permite ampliar el alcance y generar transformaci\u00f3n real en la vida de las personas.<\/p>\n\n\n\n<p>RE|DECIR nace de una convicci\u00f3n: comunicar no es solo decir, sino elegir desde d\u00f3nde hablamos, para qu\u00e9 lo hacemos y qu\u00e9 impacto generan nuestras palabras.<\/p>","protected":false},"excerpt":{"rendered":"<p>En Empat\u00eda Comunidad seguimos ampliando las conversaciones de RE|DECIR, nuestro podcast sobre comunicaci\u00f3n, prop\u00f3sito y v\u00ednculos en contextos complejos.<\/p>","protected":false},"author":2,"featured_media":8256,"comment_status":"open","ping_status":"open","sticky":false,"template":"","format":"standard","meta":{"footnotes":""},"categories":[10],"tags":[12,625,626,331,595],"class_list":["post-8255","post","type-post","status-publish","format-standard","has-post-thumbnail","hentry","category-novedades","tag-claudia-armesto","tag-comunciacion-con-sentido","tag-liora-gomel","tag-podcast","tag-redecir-2"],"yoast_head":"<!-- This site is optimized with the Yoast SEO plugin v27.4 - https:\/\/yoast.com\/product\/yoast-seo-wordpress\/ -->\n<title>RE|DECIR: nuevos episodios para comunicar con sentido - Empat\u00eda Comunidad<\/title>\n<meta name=\"robots\" content=\"index, follow, max-snippet:-1, max-image-preview:large, max-video-preview:-1\" \/>\n<link rel=\"canonical\" href=\"https:\/\/empatiacomunidad.com\/pt\/redecir-nuevos-episodios-para-comunicar-con-sentido\/\" \/>\n<meta property=\"og:locale\" content=\"pt_BR\" \/>\n<meta property=\"og:type\" content=\"article\" \/>\n<meta property=\"og:title\" content=\"RE|DECIR: nuevos episodios para comunicar con sentido - Empat\u00eda Comunidad\" \/>\n<meta property=\"og:description\" content=\"En Empat\u00eda Comunidad seguimos ampliando las conversaciones de RE|DECIR, nuestro podcast sobre comunicaci\u00f3n, prop\u00f3sito y v\u00ednculos en contextos complejos.\" \/>\n<meta property=\"og:url\" content=\"https:\/\/empatiacomunidad.com\/pt\/redecir-nuevos-episodios-para-comunicar-con-sentido\/\" \/>\n<meta property=\"og:site_name\" content=\"Empat\u00eda Comunidad\" \/>\n<meta property=\"article:publisher\" content=\"https:\/\/www.facebook.com\/Empatia.Comunidad\/\" \/>\n<meta property=\"article:published_time\" content=\"2026-04-28T15:03:19+00:00\" \/>\n<meta property=\"article:modified_time\" content=\"2026-04-28T15:03:22+00:00\" \/>\n<meta property=\"og:image\" content=\"https:\/\/empatiacomunidad.com\/wp-content\/uploads\/2026\/04\/3.png\" \/>\n\t<meta property=\"og:image:width\" content=\"1534\" \/>\n\t<meta property=\"og:image:height\" content=\"1026\" \/>\n\t<meta property=\"og:image:type\" content=\"image\/png\" \/>\n<meta name=\"author\" content=\"claudia_armesto\" \/>\n<meta name=\"twitter:card\" content=\"summary_large_image\" \/>\n<meta name=\"twitter:creator\" content=\"@Empatia_comu\" \/>\n<meta name=\"twitter:site\" content=\"@Empatia_comu\" \/>\n<meta name=\"twitter:label1\" content=\"Escrito por\" \/>\n\t<meta name=\"twitter:data1\" content=\"claudia_armesto\" \/>\n\t<meta name=\"twitter:label2\" content=\"Est. tempo de leitura\" \/>\n\t<meta name=\"twitter:data2\" content=\"2 minutos\" \/>\n<script type=\"application\/ld+json\" class=\"yoast-schema-graph\">{\"@context\":\"https:\\\/\\\/schema.org\",\"@graph\":[{\"@type\":\"Article\",\"@id\":\"https:\\\/\\\/empatiacomunidad.com\\\/redecir-nuevos-episodios-para-comunicar-con-sentido\\\/#article\",\"isPartOf\":{\"@id\":\"https:\\\/\\\/empatiacomunidad.com\\\/redecir-nuevos-episodios-para-comunicar-con-sentido\\\/\"},\"author\":{\"name\":\"claudia_armesto\",\"@id\":\"https:\\\/\\\/empatiacomunidad.com\\\/#\\\/schema\\\/person\\\/3330c2449c83d410be1a3ba095cf79ff\"},\"headline\":\"RE|DECIR: nuevos episodios para comunicar con sentido\",\"datePublished\":\"2026-04-28T15:03:19+00:00\",\"dateModified\":\"2026-04-28T15:03:22+00:00\",\"mainEntityOfPage\":{\"@id\":\"https:\\\/\\\/empatiacomunidad.com\\\/redecir-nuevos-episodios-para-comunicar-con-sentido\\\/\"},\"wordCount\":339,\"commentCount\":0,\"publisher\":{\"@id\":\"https:\\\/\\\/empatiacomunidad.com\\\/#organization\"},\"image\":{\"@id\":\"https:\\\/\\\/empatiacomunidad.com\\\/redecir-nuevos-episodios-para-comunicar-con-sentido\\\/#primaryimage\"},\"thumbnailUrl\":\"https:\\\/\\\/empatiacomunidad.com\\\/wp-content\\\/uploads\\\/2026\\\/04\\\/3.png\",\"keywords\":[\"Claudia Armesto\",\"comunciacion con sentido\",\"Liora Gomel\",\"Podcast\",\"REDECIR\"],\"articleSection\":[\"Novedades\"],\"inLanguage\":\"pt-BR\",\"potentialAction\":[{\"@type\":\"CommentAction\",\"name\":\"Comment\",\"target\":[\"https:\\\/\\\/empatiacomunidad.com\\\/redecir-nuevos-episodios-para-comunicar-con-sentido\\\/#respond\"]}]},{\"@type\":\"WebPage\",\"@id\":\"https:\\\/\\\/empatiacomunidad.com\\\/redecir-nuevos-episodios-para-comunicar-con-sentido\\\/\",\"url\":\"https:\\\/\\\/empatiacomunidad.com\\\/redecir-nuevos-episodios-para-comunicar-con-sentido\\\/\",\"name\":\"RE|DECIR: nuevos episodios para comunicar con sentido - Empat\u00eda Comunidad\",\"isPartOf\":{\"@id\":\"https:\\\/\\\/empatiacomunidad.com\\\/#website\"},\"primaryImageOfPage\":{\"@id\":\"https:\\\/\\\/empatiacomunidad.com\\\/redecir-nuevos-episodios-para-comunicar-con-sentido\\\/#primaryimage\"},\"image\":{\"@id\":\"https:\\\/\\\/empatiacomunidad.com\\\/redecir-nuevos-episodios-para-comunicar-con-sentido\\\/#primaryimage\"},\"thumbnailUrl\":\"https:\\\/\\\/empatiacomunidad.com\\\/wp-content\\\/uploads\\\/2026\\\/04\\\/3.png\",\"datePublished\":\"2026-04-28T15:03:19+00:00\",\"dateModified\":\"2026-04-28T15:03:22+00:00\",\"breadcrumb\":{\"@id\":\"https:\\\/\\\/empatiacomunidad.com\\\/redecir-nuevos-episodios-para-comunicar-con-sentido\\\/#breadcrumb\"},\"inLanguage\":\"pt-BR\",\"potentialAction\":[{\"@type\":\"ReadAction\",\"target\":[\"https:\\\/\\\/empatiacomunidad.com\\\/redecir-nuevos-episodios-para-comunicar-con-sentido\\\/\"]}]},{\"@type\":\"ImageObject\",\"inLanguage\":\"pt-BR\",\"@id\":\"https:\\\/\\\/empatiacomunidad.com\\\/redecir-nuevos-episodios-para-comunicar-con-sentido\\\/#primaryimage\",\"url\":\"https:\\\/\\\/empatiacomunidad.com\\\/wp-content\\\/uploads\\\/2026\\\/04\\\/3.png\",\"contentUrl\":\"https:\\\/\\\/empatiacomunidad.com\\\/wp-content\\\/uploads\\\/2026\\\/04\\\/3.png\",\"width\":1534,\"height\":1026},{\"@type\":\"BreadcrumbList\",\"@id\":\"https:\\\/\\\/empatiacomunidad.com\\\/redecir-nuevos-episodios-para-comunicar-con-sentido\\\/#breadcrumb\",\"itemListElement\":[{\"@type\":\"ListItem\",\"position\":1,\"name\":\"Inicio\",\"item\":\"https:\\\/\\\/empatiacomunidad.com\\\/\"},{\"@type\":\"ListItem\",\"position\":2,\"name\":\"RE|DECIR: nuevos episodios para comunicar con sentido\"}]},{\"@type\":\"WebSite\",\"@id\":\"https:\\\/\\\/empatiacomunidad.com\\\/#website\",\"url\":\"https:\\\/\\\/empatiacomunidad.com\\\/\",\"name\":\"Empat\u00eda Comunidad\",\"description\":\"Soluciones de valor\",\"publisher\":{\"@id\":\"https:\\\/\\\/empatiacomunidad.com\\\/#organization\"},\"potentialAction\":[{\"@type\":\"SearchAction\",\"target\":{\"@type\":\"EntryPoint\",\"urlTemplate\":\"https:\\\/\\\/empatiacomunidad.com\\\/?s={search_term_string}\"},\"query-input\":{\"@type\":\"PropertyValueSpecification\",\"valueRequired\":true,\"valueName\":\"search_term_string\"}}],\"inLanguage\":\"pt-BR\"},{\"@type\":\"Organization\",\"@id\":\"https:\\\/\\\/empatiacomunidad.com\\\/#organization\",\"name\":\"Empat\u00eda Comunidad\",\"url\":\"https:\\\/\\\/empatiacomunidad.com\\\/\",\"logo\":{\"@type\":\"ImageObject\",\"inLanguage\":\"pt-BR\",\"@id\":\"https:\\\/\\\/empatiacomunidad.com\\\/#\\\/schema\\\/logo\\\/image\\\/\",\"url\":\"https:\\\/\\\/empatiacomunidad.com\\\/wp-content\\\/uploads\\\/2025\\\/10\\\/Logo-Empatia-Negro.svg\",\"contentUrl\":\"https:\\\/\\\/empatiacomunidad.com\\\/wp-content\\\/uploads\\\/2025\\\/10\\\/Logo-Empatia-Negro.svg\",\"width\":1096,\"height\":273,\"caption\":\"Empat\u00eda Comunidad\"},\"image\":{\"@id\":\"https:\\\/\\\/empatiacomunidad.com\\\/#\\\/schema\\\/logo\\\/image\\\/\"},\"sameAs\":[\"https:\\\/\\\/www.facebook.com\\\/Empatia.Comunidad\\\/\",\"https:\\\/\\\/x.com\\\/Empatia_comu\",\"https:\\\/\\\/www.instagram.com\\\/empatiacomunidad\\\/\",\"https:\\\/\\\/www.linkedin.com\\\/company\\\/1381791\\\/admin\\\/dashboard\\\/\",\"https:\\\/\\\/www.youtube.com\\\/channel\\\/UCF1LaQP8NqawOMXArRClGSQ?view_as=subscriber\",\"https:\\\/\\\/open.spotify.com\\\/episode\\\/5yzhSrOdzWfFu09ej3ySQ6?si=0Im7XIKrTFGDdW4YLm_-wA&nd=1&dlsi=5410931594894d10\"]},{\"@type\":\"Person\",\"@id\":\"https:\\\/\\\/empatiacomunidad.com\\\/#\\\/schema\\\/person\\\/3330c2449c83d410be1a3ba095cf79ff\",\"name\":\"claudia_armesto\",\"url\":\"https:\\\/\\\/empatiacomunidad.com\\\/pt\\\/author\\\/claudia_armesto\\\/\"}]}<\/script>\n<!-- \/ Yoast SEO plugin. -->","yoast_head_json":{"title":"RE|DECIR: nuevos episodios para comunicar con sentido - Empat\u00eda Comunidad","robots":{"index":"index","follow":"follow","max-snippet":"max-snippet:-1","max-image-preview":"max-image-preview:large","max-video-preview":"max-video-preview:-1"},"canonical":"https:\/\/empatiacomunidad.com\/pt\/redecir-nuevos-episodios-para-comunicar-con-sentido\/","og_locale":"pt_BR","og_type":"article","og_title":"RE|DECIR: nuevos episodios para comunicar con sentido - Empat\u00eda Comunidad","og_description":"En Empat\u00eda Comunidad seguimos ampliando las conversaciones de RE|DECIR, nuestro podcast sobre comunicaci\u00f3n, prop\u00f3sito y v\u00ednculos en contextos complejos.","og_url":"https:\/\/empatiacomunidad.com\/pt\/redecir-nuevos-episodios-para-comunicar-con-sentido\/","og_site_name":"Empat\u00eda Comunidad","article_publisher":"https:\/\/www.facebook.com\/Empatia.Comunidad\/","article_published_time":"2026-04-28T15:03:19+00:00","article_modified_time":"2026-04-28T15:03:22+00:00","og_image":[{"width":1534,"height":1026,"url":"https:\/\/empatiacomunidad.com\/wp-content\/uploads\/2026\/04\/3.png","type":"image\/png"}],"author":"claudia_armesto","twitter_card":"summary_large_image","twitter_creator":"@Empatia_comu","twitter_site":"@Empatia_comu","twitter_misc":{"Escrito por":"claudia_armesto","Est. tempo de leitura":"2 minutos"},"schema":{"@context":"https:\/\/schema.org","@graph":[{"@type":"Article","@id":"https:\/\/empatiacomunidad.com\/redecir-nuevos-episodios-para-comunicar-con-sentido\/#article","isPartOf":{"@id":"https:\/\/empatiacomunidad.com\/redecir-nuevos-episodios-para-comunicar-con-sentido\/"},"author":{"name":"claudia_armesto","@id":"https:\/\/empatiacomunidad.com\/#\/schema\/person\/3330c2449c83d410be1a3ba095cf79ff"},"headline":"RE|DECIR: nuevos episodios para comunicar con sentido","datePublished":"2026-04-28T15:03:19+00:00","dateModified":"2026-04-28T15:03:22+00:00","mainEntityOfPage":{"@id":"https:\/\/empatiacomunidad.com\/redecir-nuevos-episodios-para-comunicar-con-sentido\/"},"wordCount":339,"commentCount":0,"publisher":{"@id":"https:\/\/empatiacomunidad.com\/#organization"},"image":{"@id":"https:\/\/empatiacomunidad.com\/redecir-nuevos-episodios-para-comunicar-con-sentido\/#primaryimage"},"thumbnailUrl":"https:\/\/empatiacomunidad.com\/wp-content\/uploads\/2026\/04\/3.png","keywords":["Claudia Armesto","comunciacion con sentido","Liora Gomel","Podcast","REDECIR"],"articleSection":["Novedades"],"inLanguage":"pt-BR","potentialAction":[{"@type":"CommentAction","name":"Comment","target":["https:\/\/empatiacomunidad.com\/redecir-nuevos-episodios-para-comunicar-con-sentido\/#respond"]}]},{"@type":"WebPage","@id":"https:\/\/empatiacomunidad.com\/redecir-nuevos-episodios-para-comunicar-con-sentido\/","url":"https:\/\/empatiacomunidad.com\/redecir-nuevos-episodios-para-comunicar-con-sentido\/","name":"RE|DECIR: nuevos episodios para comunicar con sentido - Empat\u00eda Comunidad","isPartOf":{"@id":"https:\/\/empatiacomunidad.com\/#website"},"primaryImageOfPage":{"@id":"https:\/\/empatiacomunidad.com\/redecir-nuevos-episodios-para-comunicar-con-sentido\/#primaryimage"},"image":{"@id":"https:\/\/empatiacomunidad.com\/redecir-nuevos-episodios-para-comunicar-con-sentido\/#primaryimage"},"thumbnailUrl":"https:\/\/empatiacomunidad.com\/wp-content\/uploads\/2026\/04\/3.png","datePublished":"2026-04-28T15:03:19+00:00","dateModified":"2026-04-28T15:03:22+00:00","breadcrumb":{"@id":"https:\/\/empatiacomunidad.com\/redecir-nuevos-episodios-para-comunicar-con-sentido\/#breadcrumb"},"inLanguage":"pt-BR","potentialAction":[{"@type":"ReadAction","target":["https:\/\/empatiacomunidad.com\/redecir-nuevos-episodios-para-comunicar-con-sentido\/"]}]},{"@type":"ImageObject","inLanguage":"pt-BR","@id":"https:\/\/empatiacomunidad.com\/redecir-nuevos-episodios-para-comunicar-con-sentido\/#primaryimage","url":"https:\/\/empatiacomunidad.com\/wp-content\/uploads\/2026\/04\/3.png","contentUrl":"https:\/\/empatiacomunidad.com\/wp-content\/uploads\/2026\/04\/3.png","width":1534,"height":1026},{"@type":"BreadcrumbList","@id":"https:\/\/empatiacomunidad.com\/redecir-nuevos-episodios-para-comunicar-con-sentido\/#breadcrumb","itemListElement":[{"@type":"ListItem","position":1,"name":"Inicio","item":"https:\/\/empatiacomunidad.com\/"},{"@type":"ListItem","position":2,"name":"RE|DECIR: nuevos episodios para comunicar con sentido"}]},{"@type":"WebSite","@id":"https:\/\/empatiacomunidad.com\/#website","url":"https:\/\/empatiacomunidad.com\/","name":"Comunidade de empatia","description":"Solu\u00e7\u00f5es de valor","publisher":{"@id":"https:\/\/empatiacomunidad.com\/#organization"},"potentialAction":[{"@type":"SearchAction","target":{"@type":"EntryPoint","urlTemplate":"https:\/\/empatiacomunidad.com\/?s={search_term_string}"},"query-input":{"@type":"PropertyValueSpecification","valueRequired":true,"valueName":"search_term_string"}}],"inLanguage":"pt-BR"},{"@type":"Organization","@id":"https:\/\/empatiacomunidad.com\/#organization","name":"Comunidade de empatia","url":"https:\/\/empatiacomunidad.com\/","logo":{"@type":"ImageObject","inLanguage":"pt-BR","@id":"https:\/\/empatiacomunidad.com\/#\/schema\/logo\/image\/","url":"https:\/\/empatiacomunidad.com\/wp-content\/uploads\/2025\/10\/Logo-Empatia-Negro.svg","contentUrl":"https:\/\/empatiacomunidad.com\/wp-content\/uploads\/2025\/10\/Logo-Empatia-Negro.svg","width":1096,"height":273,"caption":"Empat\u00eda Comunidad"},"image":{"@id":"https:\/\/empatiacomunidad.com\/#\/schema\/logo\/image\/"},"sameAs":["https:\/\/www.facebook.com\/Empatia.Comunidad\/","https:\/\/x.com\/Empatia_comu","https:\/\/www.instagram.com\/empatiacomunidad\/","https:\/\/www.linkedin.com\/company\/1381791\/admin\/dashboard\/","https:\/\/www.youtube.com\/channel\/UCF1LaQP8NqawOMXArRClGSQ?view_as=subscriber","https:\/\/open.spotify.com\/episode\/5yzhSrOdzWfFu09ej3ySQ6?si=0Im7XIKrTFGDdW4YLm_-wA&nd=1&dlsi=5410931594894d10"]},{"@type":"Person","@id":"https:\/\/empatiacomunidad.com\/#\/schema\/person\/3330c2449c83d410be1a3ba095cf79ff","name":"claudia_armesto","url":"https:\/\/empatiacomunidad.com\/pt\/author\/claudia_armesto\/"}]}},"_links":{"self":[{"href":"https:\/\/empatiacomunidad.com\/pt\/wp-json\/wp\/v2\/posts\/8255","targetHints":{"allow":["GET"]}}],"collection":[{"href":"https:\/\/empatiacomunidad.com\/pt\/wp-json\/wp\/v2\/posts"}],"about":[{"href":"https:\/\/empatiacomunidad.com\/pt\/wp-json\/wp\/v2\/types\/post"}],"author":[{"embeddable":true,"href":"https:\/\/empatiacomunidad.com\/pt\/wp-json\/wp\/v2\/users\/2"}],"replies":[{"embeddable":true,"href":"https:\/\/empatiacomunidad.com\/pt\/wp-json\/wp\/v2\/comments?post=8255"}],"version-history":[{"count":1,"href":"https:\/\/empatiacomunidad.com\/pt\/wp-json\/wp\/v2\/posts\/8255\/revisions"}],"predecessor-version":[{"id":8257,"href":"https:\/\/empatiacomunidad.com\/pt\/wp-json\/wp\/v2\/posts\/8255\/revisions\/8257"}],"wp:featuredmedia":[{"embeddable":true,"href":"https:\/\/empatiacomunidad.com\/pt\/wp-json\/wp\/v2\/media\/8256"}],"wp:attachment":[{"href":"https:\/\/empatiacomunidad.com\/pt\/wp-json\/wp\/v2\/media?parent=8255"}],"wp:term":[{"taxonomy":"category","embeddable":true,"href":"https:\/\/empatiacomunidad.com\/pt\/wp-json\/wp\/v2\/categories?post=8255"},{"taxonomy":"post_tag","embeddable":true,"href":"https:\/\/empatiacomunidad.com\/pt\/wp-json\/wp\/v2\/tags?post=8255"}],"curies":[{"name":"wp","href":"https:\/\/api.w.org\/{rel}","templated":true}]}}