{"id":7934,"date":"2026-02-26T12:51:07","date_gmt":"2026-02-26T12:51:07","guid":{"rendered":"https:\/\/empatiacomunidad.com\/?p=7934"},"modified":"2026-02-26T14:35:30","modified_gmt":"2026-02-26T14:35:30","slug":"o-custo-oculto-da-cultura-de-fragmentacao-e-da-coordenacao-de-desempenho-em-2026","status":"publish","type":"post","link":"https:\/\/empatiacomunidad.com\/pt\/o-custo-oculto-da-cultura-de-fragmentacao-e-da-coordenacao-de-desempenho-em-2026\/","title":{"rendered":"O custo oculto da fragmenta\u00e7\u00e3o: coordena\u00e7\u00e3o, cultura e desempenho em 2026"},"content":{"rendered":"<p><em>Por Claudia Armesto<\/em><br><\/p>\n\n\n\n<p>Em 2026, muitas organiza\u00e7\u00f5es globais est\u00e3o vivendo um paradoxo: <strong>Nunca houve tanta comunica\u00e7\u00e3o, mas o gerenciamento da implementa\u00e7\u00e3o se tornou mais dif\u00edcil<\/strong>. As reuni\u00f5es, os bate-papos e os e-mails se multiplicam, mas, no final do m\u00eas, os sintomas familiares reaparecem: decis\u00f5es que n\u00e3o s\u00e3o registradas, prioridades conflitantes, retrabalho devido a mal-entendidos e equipes que sentem que \u201ccorreram\u201d sem avan\u00e7ar.<\/p>\n\n\n\n<p>O problema subjacente n\u00e3o \u00e9 a falta de comunica\u00e7\u00e3o. Ele \u00e9 <strong>ultrapassagem de sinal sem infraestrutura de gerenciamento<\/strong>Os principais elementos disso s\u00e3o: acordos verific\u00e1veis, decis\u00f5es registradas, crit\u00e9rios claros e um sistema que reduz o atrito em vez de produzi-lo.<\/p>\n\n\n\n<p>Os dados globais ajudam a avaliar por que essa n\u00e3o \u00e9 mais uma quest\u00e3o \u201cbranda\u201d. A Gallup, em seu <em>Estado do local de trabalho global 2025<\/em>, relata um engajamento global de <strong>21%<\/strong> e estima um custo de <strong>US$ 438 bilh\u00f5es<\/strong> em perda de produtividade em 2024. A Microsoft, por sua vez, descreveu o \u201cdia de trabalho infinito\u201d: no grupo com o maior volume de \u201cpings\u201d, as pessoas recebem interrup\u00e7\u00f5es <strong>a cada dois minutos<\/strong>, para <strong>275 por dia<\/strong>, entre reuni\u00f5es, e-mails e bate-papos.<\/p>\n\n\n\n<p>Em outras palavras: <strong>O gerenciamento di\u00e1rio - decis\u00e3o, registro e acompanhamento - tornou-se o novo gargalo.<\/strong>.<\/p>\n\n\n\n<h4 class=\"wp-block-heading\"><strong>O cen\u00e1rio global repetitivo<\/strong><\/h4>\n\n\n\n<p>Uma equipe regional opera em tr\u00eas fusos hor\u00e1rios. Para se \u201calinhar\u201d, ela adiciona reuni\u00f5es. Para \u201cn\u00e3o perder nada\u201d, ela abre t\u00f3picos. Para \u201cmanter o controle\u201d, ela envia e-mails. Chega o fim do m\u00eas e o projeto ainda est\u00e1 parado: h\u00e1 progresso parcial, atrito, desgaste e uma pergunta inc\u00f4moda: <em>O que foi realmente decidido e quem \u00e9 respons\u00e1vel por cumpri-lo?<\/em><\/p>\n\n\n\n<p>Em quase todos os casos, o diagn\u00f3stico \u00e9 semelhante: n\u00e3o h\u00e1 <strong>rota do acordo<\/strong> dentro do sistema de gerenciamento:<\/p>\n\n\n\n<ul class=\"wp-block-list\">\n<li>onde ela \u00e9 decidida,<\/li>\n\n\n\n<li>onde est\u00e1 registrado,<\/li>\n\n\n\n<li>que valida,<\/li>\n\n\n\n<li>como ele \u00e9 versionado,<\/li>\n\n\n\n<li>e como ele se torna verific\u00e1vel (respons\u00e1vel, data, crit\u00e9rios de sucesso).<\/li>\n<\/ul>\n\n\n\n<p>Quando essa infraestrutura n\u00e3o \u00e9 projetada, a organiza\u00e7\u00e3o paga tr\u00eas vezes mais: <strong>tempo<\/strong> (retrabalho), <strong>clima<\/strong> (tens\u00e3o) e <strong>confian\u00e7a<\/strong> (sentimento de arbitrariedade). E pagar um quarto, silencioso: <strong>lat\u00eancia<\/strong>. As decis\u00f5es levam mais tempo para se transformarem em a\u00e7\u00f5es.<\/p>\n\n\n\n<h4 class=\"wp-block-heading\"><strong>Cultura e bem-estar: o impacto n\u00e3o \u00e9 acidental<\/strong><\/h4>\n\n\n\n<p>Nos neg\u00f3cios, tendemos a separar a produtividade da cultura, ou a cultura do bem-estar. Mas, na pr\u00e1tica, elas est\u00e3o conectadas por uma vari\u00e1vel comum: <strong>\u00f4nus da coordena\u00e7\u00e3o<\/strong>. Quando o sistema n\u00e3o \u00e9 projetado, as pessoas gastam energia para \u201cfazer o sistema funcionar\u201d: esclarecendo, buscando respostas, retrabalhando, interpretando.<\/p>\n\n\n\n<p>A quest\u00e3o \u00e9 que a cultura n\u00e3o se deteriora por causa da falta de valores, mas sim por causa da falta de <strong>condi\u00e7\u00f5es de gerenciamento<\/strong> para sustent\u00e1-los. E a inclus\u00e3o, quando existe, \u00e9 testada em n\u00edvel operacional: acessibilidade de informa\u00e7\u00f5es, regras de participa\u00e7\u00e3o e mecanismos reais para adapta\u00e7\u00f5es razo\u00e1veis. A Deloitte informou que, entre as pessoas que solicitam ajustes relacionados ao trabalho, a <strong>74%<\/strong> teve pelo menos uma solicita\u00e7\u00e3o rejeitada e o <strong>19% <\/strong>foram todos rejeitados. Isso n\u00e3o \u00e9 apenas um fato de inclus\u00e3o: \u00e9 um sinal da capacidade operacional do sistema de manter a coer\u00eancia.<\/p>\n\n\n\n<h4 class=\"wp-block-heading\"><strong>Playbook 2026 para l\u00edderes: 5 movimentos em 30 dias<\/strong><\/h4>\n\n\n\n<ol class=\"wp-block-list\">\n<li><strong>Fonte de verdade para decis\u00f5es<\/strong><strong><br><\/strong> Um local exclusivo com crit\u00e9rios de decis\u00e3o, responsabilidade, data e sucesso.<br><\/li>\n\n\n\n<li><strong>Reuni\u00f5es com resultados verific\u00e1veis<\/strong><strong><br><\/strong> Decis\u00e3o\/pendente + respons\u00e1vel + prazo + registro.<br><\/li>\n\n\n\n<li><strong>Padronizar a assincronia<\/strong><strong><br><\/strong> Contexto \u2192 decis\u00e3o necess\u00e1ria \u2192 op\u00e7\u00f5es \u2192 riscos \u2192 pr\u00f3xima etapa.<br><\/li>\n\n\n\n<li><strong>Proteja o foco com regras de urg\u00eancia expl\u00edcitas<\/strong><strong><br><\/strong> Menos fragmenta\u00e7\u00e3o, n\u00e3o menos colabora\u00e7\u00e3o.<br><\/li>\n\n\n\n<li><strong>Painel de controle m\u00ednimo (4 indicadores mensais)<br><\/strong> clareza de prioridades - retrabalho - atrito recorrente - % de decis\u00f5es registradas com respons\u00e1vel\/data\/crit\u00e9rio.<br><\/li>\n<\/ol>\n\n\n\n<p><\/p>\n\n\n\n<p>Em 2026, a comunica\u00e7\u00e3o interna madura n\u00e3o est\u00e1 competindo para \u201cser mais criativa\u201d; ela est\u00e1 competindo para <strong>ser mais estrutural<\/strong>. A pergunta \u00fatil n\u00e3o \u00e9 \u201cque canal estamos perdendo\u201d, mas sim: <strong>Que parte de nossa infraestrutura de gerenciamento est\u00e1 falhando?<\/strong><\/p>\n\n\n\n<p><\/p>\n\n\n\n<p><\/p>\n\n\n\n<p><\/p>\n\n\n\n<p><\/p>\n\n\n\n<p><\/p>\n\n\n\n<p><\/p>\n\n\n\n<p><\/p>\n\n\n\n<p><\/p>\n\n\n\n<p><\/p>\n\n\n\n<p><\/p>\n\n\n\n<p><\/p>\n\n\n\n<p><\/p>\n\n\n\n<p><\/p>\n\n\n\n<p><\/p>\n\n\n\n<p><\/p>","protected":false},"excerpt":{"rendered":"<p>Em sua an\u00e1lise, Claudia argumenta que o desafio n\u00e3o \u00e9 mais \u201cser mais criativo\u201d ou adicionar canais, mas fortalecer a infraestrutura de gerenciamento. Em um contexto em que a comunica\u00e7\u00e3o \u00e9 mais importante do que nunca, mas a execu\u00e7\u00e3o \u00e9 cada vez mais complexa, o foco deve ser o registro de decis\u00f5es, o esclarecimento de prioridades e a redu\u00e7\u00e3o de atritos.<\/p>","protected":false},"author":2,"featured_media":7941,"comment_status":"open","ping_status":"open","sticky":false,"template":"","format":"standard","meta":{"footnotes":""},"categories":[10],"tags":[593,12,13,512,592,591],"class_list":["post-7934","post","type-post","status-publish","format-standard","has-post-thumbnail","hentry","category-novedades","tag-593","tag-claudia-armesto","tag-comunicacion","tag-cultura","tag-desempeno","tag-fragmentacion"],"yoast_head":"<!-- This site is optimized with the Yoast SEO plugin v27.4 - https:\/\/yoast.com\/product\/yoast-seo-wordpress\/ -->\n<title>El costo oculto de la fragmentaci\u00f3n: coordinaci\u00f3n, cultura y desempe\u00f1o en 2026 - Empat\u00eda Comunidad<\/title>\n<meta name=\"robots\" content=\"index, follow, max-snippet:-1, max-image-preview:large, max-video-preview:-1\" \/>\n<link rel=\"canonical\" href=\"https:\/\/empatiacomunidad.com\/pt\/o-custo-oculto-da-cultura-de-fragmentacao-e-da-coordenacao-de-desempenho-em-2026\/\" \/>\n<meta property=\"og:locale\" content=\"pt_BR\" \/>\n<meta property=\"og:type\" content=\"article\" \/>\n<meta property=\"og:title\" content=\"El costo oculto de la fragmentaci\u00f3n: coordinaci\u00f3n, cultura y desempe\u00f1o en 2026 - Empat\u00eda Comunidad\" \/>\n<meta property=\"og:description\" content=\"En su an\u00e1lisis, Claudia plantea que el desaf\u00edo ya no es \u201cser m\u00e1s creativos\u201d ni sumar canales, sino fortalecer la infraestructura de gesti\u00f3n. En un contexto donde se comunica m\u00e1s que nunca pero ejecutar es cada vez m\u00e1s complejo, el foco deber\u00eda estar en registrar decisiones, clarificar prioridades y reducir fricciones.\" \/>\n<meta property=\"og:url\" content=\"https:\/\/empatiacomunidad.com\/pt\/o-custo-oculto-da-cultura-de-fragmentacao-e-da-coordenacao-de-desempenho-em-2026\/\" \/>\n<meta property=\"og:site_name\" content=\"Empat\u00eda Comunidad\" \/>\n<meta property=\"article:publisher\" content=\"https:\/\/www.facebook.com\/Empatia.Comunidad\/\" \/>\n<meta property=\"article:published_time\" content=\"2026-02-26T12:51:07+00:00\" \/>\n<meta property=\"article:modified_time\" content=\"2026-02-26T14:35:30+00:00\" \/>\n<meta property=\"og:image\" content=\"https:\/\/empatiacomunidad.com\/wp-content\/uploads\/2026\/02\/costo-oculto.png\" \/>\n\t<meta property=\"og:image:width\" content=\"900\" \/>\n\t<meta property=\"og:image:height\" content=\"600\" \/>\n\t<meta property=\"og:image:type\" content=\"image\/png\" \/>\n<meta name=\"author\" content=\"claudia_armesto\" \/>\n<meta name=\"twitter:card\" content=\"summary_large_image\" \/>\n<meta name=\"twitter:creator\" content=\"@Empatia_comu\" \/>\n<meta name=\"twitter:site\" content=\"@Empatia_comu\" \/>\n<meta name=\"twitter:label1\" content=\"Escrito por\" \/>\n\t<meta name=\"twitter:data1\" content=\"claudia_armesto\" \/>\n\t<meta name=\"twitter:label2\" content=\"Est. tempo de leitura\" \/>\n\t<meta name=\"twitter:data2\" content=\"3 minutos\" \/>\n<script type=\"application\/ld+json\" class=\"yoast-schema-graph\">{\"@context\":\"https:\\\/\\\/schema.org\",\"@graph\":[{\"@type\":\"Article\",\"@id\":\"https:\\\/\\\/empatiacomunidad.com\\\/el-costo-oculto-de-la-fragmentacion-coordinacion-cultura-y-desempeno-en-2026\\\/#article\",\"isPartOf\":{\"@id\":\"https:\\\/\\\/empatiacomunidad.com\\\/el-costo-oculto-de-la-fragmentacion-coordinacion-cultura-y-desempeno-en-2026\\\/\"},\"author\":{\"name\":\"claudia_armesto\",\"@id\":\"https:\\\/\\\/empatiacomunidad.com\\\/#\\\/schema\\\/person\\\/3330c2449c83d410be1a3ba095cf79ff\"},\"headline\":\"El costo oculto de la fragmentaci\u00f3n: coordinaci\u00f3n, cultura y desempe\u00f1o en 2026\",\"datePublished\":\"2026-02-26T12:51:07+00:00\",\"dateModified\":\"2026-02-26T14:35:30+00:00\",\"mainEntityOfPage\":{\"@id\":\"https:\\\/\\\/empatiacomunidad.com\\\/el-costo-oculto-de-la-fragmentacion-coordinacion-cultura-y-desempeno-en-2026\\\/\"},\"wordCount\":623,\"commentCount\":0,\"publisher\":{\"@id\":\"https:\\\/\\\/empatiacomunidad.com\\\/#organization\"},\"image\":{\"@id\":\"https:\\\/\\\/empatiacomunidad.com\\\/el-costo-oculto-de-la-fragmentacion-coordinacion-cultura-y-desempeno-en-2026\\\/#primaryimage\"},\"thumbnailUrl\":\"https:\\\/\\\/empatiacomunidad.com\\\/wp-content\\\/uploads\\\/2026\\\/02\\\/costo-oculto.png\",\"keywords\":[\"2026\",\"Claudia Armesto\",\"comunicaci\u00f3n\",\"cultura\",\"Desempe\u00f1o\",\"Fragmentaci\u00f3n\"],\"articleSection\":[\"Novedades\"],\"inLanguage\":\"pt-BR\",\"potentialAction\":[{\"@type\":\"CommentAction\",\"name\":\"Comment\",\"target\":[\"https:\\\/\\\/empatiacomunidad.com\\\/el-costo-oculto-de-la-fragmentacion-coordinacion-cultura-y-desempeno-en-2026\\\/#respond\"]}]},{\"@type\":\"WebPage\",\"@id\":\"https:\\\/\\\/empatiacomunidad.com\\\/el-costo-oculto-de-la-fragmentacion-coordinacion-cultura-y-desempeno-en-2026\\\/\",\"url\":\"https:\\\/\\\/empatiacomunidad.com\\\/el-costo-oculto-de-la-fragmentacion-coordinacion-cultura-y-desempeno-en-2026\\\/\",\"name\":\"El costo oculto de la fragmentaci\u00f3n: coordinaci\u00f3n, cultura y desempe\u00f1o en 2026 - Empat\u00eda Comunidad\",\"isPartOf\":{\"@id\":\"https:\\\/\\\/empatiacomunidad.com\\\/#website\"},\"primaryImageOfPage\":{\"@id\":\"https:\\\/\\\/empatiacomunidad.com\\\/el-costo-oculto-de-la-fragmentacion-coordinacion-cultura-y-desempeno-en-2026\\\/#primaryimage\"},\"image\":{\"@id\":\"https:\\\/\\\/empatiacomunidad.com\\\/el-costo-oculto-de-la-fragmentacion-coordinacion-cultura-y-desempeno-en-2026\\\/#primaryimage\"},\"thumbnailUrl\":\"https:\\\/\\\/empatiacomunidad.com\\\/wp-content\\\/uploads\\\/2026\\\/02\\\/costo-oculto.png\",\"datePublished\":\"2026-02-26T12:51:07+00:00\",\"dateModified\":\"2026-02-26T14:35:30+00:00\",\"breadcrumb\":{\"@id\":\"https:\\\/\\\/empatiacomunidad.com\\\/el-costo-oculto-de-la-fragmentacion-coordinacion-cultura-y-desempeno-en-2026\\\/#breadcrumb\"},\"inLanguage\":\"pt-BR\",\"potentialAction\":[{\"@type\":\"ReadAction\",\"target\":[\"https:\\\/\\\/empatiacomunidad.com\\\/el-costo-oculto-de-la-fragmentacion-coordinacion-cultura-y-desempeno-en-2026\\\/\"]}]},{\"@type\":\"ImageObject\",\"inLanguage\":\"pt-BR\",\"@id\":\"https:\\\/\\\/empatiacomunidad.com\\\/el-costo-oculto-de-la-fragmentacion-coordinacion-cultura-y-desempeno-en-2026\\\/#primaryimage\",\"url\":\"https:\\\/\\\/empatiacomunidad.com\\\/wp-content\\\/uploads\\\/2026\\\/02\\\/costo-oculto.png\",\"contentUrl\":\"https:\\\/\\\/empatiacomunidad.com\\\/wp-content\\\/uploads\\\/2026\\\/02\\\/costo-oculto.png\",\"width\":900,\"height\":600},{\"@type\":\"BreadcrumbList\",\"@id\":\"https:\\\/\\\/empatiacomunidad.com\\\/el-costo-oculto-de-la-fragmentacion-coordinacion-cultura-y-desempeno-en-2026\\\/#breadcrumb\",\"itemListElement\":[{\"@type\":\"ListItem\",\"position\":1,\"name\":\"Inicio\",\"item\":\"https:\\\/\\\/empatiacomunidad.com\\\/\"},{\"@type\":\"ListItem\",\"position\":2,\"name\":\"El costo oculto de la fragmentaci\u00f3n: coordinaci\u00f3n, cultura y desempe\u00f1o en 2026\"}]},{\"@type\":\"WebSite\",\"@id\":\"https:\\\/\\\/empatiacomunidad.com\\\/#website\",\"url\":\"https:\\\/\\\/empatiacomunidad.com\\\/\",\"name\":\"Empat\u00eda Comunidad\",\"description\":\"Soluciones de valor\",\"publisher\":{\"@id\":\"https:\\\/\\\/empatiacomunidad.com\\\/#organization\"},\"potentialAction\":[{\"@type\":\"SearchAction\",\"target\":{\"@type\":\"EntryPoint\",\"urlTemplate\":\"https:\\\/\\\/empatiacomunidad.com\\\/?s={search_term_string}\"},\"query-input\":{\"@type\":\"PropertyValueSpecification\",\"valueRequired\":true,\"valueName\":\"search_term_string\"}}],\"inLanguage\":\"pt-BR\"},{\"@type\":\"Organization\",\"@id\":\"https:\\\/\\\/empatiacomunidad.com\\\/#organization\",\"name\":\"Empat\u00eda Comunidad\",\"url\":\"https:\\\/\\\/empatiacomunidad.com\\\/\",\"logo\":{\"@type\":\"ImageObject\",\"inLanguage\":\"pt-BR\",\"@id\":\"https:\\\/\\\/empatiacomunidad.com\\\/#\\\/schema\\\/logo\\\/image\\\/\",\"url\":\"https:\\\/\\\/empatiacomunidad.com\\\/wp-content\\\/uploads\\\/2025\\\/10\\\/Logo-Empatia-Negro.svg\",\"contentUrl\":\"https:\\\/\\\/empatiacomunidad.com\\\/wp-content\\\/uploads\\\/2025\\\/10\\\/Logo-Empatia-Negro.svg\",\"width\":1096,\"height\":273,\"caption\":\"Empat\u00eda Comunidad\"},\"image\":{\"@id\":\"https:\\\/\\\/empatiacomunidad.com\\\/#\\\/schema\\\/logo\\\/image\\\/\"},\"sameAs\":[\"https:\\\/\\\/www.facebook.com\\\/Empatia.Comunidad\\\/\",\"https:\\\/\\\/x.com\\\/Empatia_comu\",\"https:\\\/\\\/www.instagram.com\\\/empatiacomunidad\\\/\",\"https:\\\/\\\/www.linkedin.com\\\/company\\\/1381791\\\/admin\\\/dashboard\\\/\",\"https:\\\/\\\/www.youtube.com\\\/channel\\\/UCF1LaQP8NqawOMXArRClGSQ?view_as=subscriber\",\"https:\\\/\\\/open.spotify.com\\\/episode\\\/5yzhSrOdzWfFu09ej3ySQ6?si=0Im7XIKrTFGDdW4YLm_-wA&nd=1&dlsi=5410931594894d10\"]},{\"@type\":\"Person\",\"@id\":\"https:\\\/\\\/empatiacomunidad.com\\\/#\\\/schema\\\/person\\\/3330c2449c83d410be1a3ba095cf79ff\",\"name\":\"claudia_armesto\",\"url\":\"https:\\\/\\\/empatiacomunidad.com\\\/pt\\\/author\\\/claudia_armesto\\\/\"}]}<\/script>\n<!-- \/ Yoast SEO plugin. -->","yoast_head_json":{"title":"O custo oculto da fragmenta\u00e7\u00e3o: coordena\u00e7\u00e3o, cultura e desempenho em 2026 - Empathy Community","robots":{"index":"index","follow":"follow","max-snippet":"max-snippet:-1","max-image-preview":"max-image-preview:large","max-video-preview":"max-video-preview:-1"},"canonical":"https:\/\/empatiacomunidad.com\/pt\/o-custo-oculto-da-cultura-de-fragmentacao-e-da-coordenacao-de-desempenho-em-2026\/","og_locale":"pt_BR","og_type":"article","og_title":"El costo oculto de la fragmentaci\u00f3n: coordinaci\u00f3n, cultura y desempe\u00f1o en 2026 - Empat\u00eda Comunidad","og_description":"En su an\u00e1lisis, Claudia plantea que el desaf\u00edo ya no es \u201cser m\u00e1s creativos\u201d ni sumar canales, sino fortalecer la infraestructura de gesti\u00f3n. En un contexto donde se comunica m\u00e1s que nunca pero ejecutar es cada vez m\u00e1s complejo, el foco deber\u00eda estar en registrar decisiones, clarificar prioridades y reducir fricciones.","og_url":"https:\/\/empatiacomunidad.com\/pt\/o-custo-oculto-da-cultura-de-fragmentacao-e-da-coordenacao-de-desempenho-em-2026\/","og_site_name":"Empat\u00eda Comunidad","article_publisher":"https:\/\/www.facebook.com\/Empatia.Comunidad\/","article_published_time":"2026-02-26T12:51:07+00:00","article_modified_time":"2026-02-26T14:35:30+00:00","og_image":[{"width":900,"height":600,"url":"https:\/\/empatiacomunidad.com\/wp-content\/uploads\/2026\/02\/costo-oculto.png","type":"image\/png"}],"author":"claudia_armesto","twitter_card":"summary_large_image","twitter_creator":"@Empatia_comu","twitter_site":"@Empatia_comu","twitter_misc":{"Escrito por":"claudia_armesto","Est. tempo de leitura":"3 minutos"},"schema":{"@context":"https:\/\/schema.org","@graph":[{"@type":"Article","@id":"https:\/\/empatiacomunidad.com\/el-costo-oculto-de-la-fragmentacion-coordinacion-cultura-y-desempeno-en-2026\/#article","isPartOf":{"@id":"https:\/\/empatiacomunidad.com\/el-costo-oculto-de-la-fragmentacion-coordinacion-cultura-y-desempeno-en-2026\/"},"author":{"name":"claudia_armesto","@id":"https:\/\/empatiacomunidad.com\/#\/schema\/person\/3330c2449c83d410be1a3ba095cf79ff"},"headline":"El costo oculto de la fragmentaci\u00f3n: coordinaci\u00f3n, cultura y desempe\u00f1o en 2026","datePublished":"2026-02-26T12:51:07+00:00","dateModified":"2026-02-26T14:35:30+00:00","mainEntityOfPage":{"@id":"https:\/\/empatiacomunidad.com\/el-costo-oculto-de-la-fragmentacion-coordinacion-cultura-y-desempeno-en-2026\/"},"wordCount":623,"commentCount":0,"publisher":{"@id":"https:\/\/empatiacomunidad.com\/#organization"},"image":{"@id":"https:\/\/empatiacomunidad.com\/el-costo-oculto-de-la-fragmentacion-coordinacion-cultura-y-desempeno-en-2026\/#primaryimage"},"thumbnailUrl":"https:\/\/empatiacomunidad.com\/wp-content\/uploads\/2026\/02\/costo-oculto.png","keywords":["2026","Claudia Armesto","comunicaci\u00f3n","cultura","Desempe\u00f1o","Fragmentaci\u00f3n"],"articleSection":["Novedades"],"inLanguage":"pt-BR","potentialAction":[{"@type":"CommentAction","name":"Comment","target":["https:\/\/empatiacomunidad.com\/el-costo-oculto-de-la-fragmentacion-coordinacion-cultura-y-desempeno-en-2026\/#respond"]}]},{"@type":"WebPage","@id":"https:\/\/empatiacomunidad.com\/el-costo-oculto-de-la-fragmentacion-coordinacion-cultura-y-desempeno-en-2026\/","url":"https:\/\/empatiacomunidad.com\/el-costo-oculto-de-la-fragmentacion-coordinacion-cultura-y-desempeno-en-2026\/","name":"O custo oculto da fragmenta\u00e7\u00e3o: coordena\u00e7\u00e3o, cultura e desempenho em 2026 - Empathy Community","isPartOf":{"@id":"https:\/\/empatiacomunidad.com\/#website"},"primaryImageOfPage":{"@id":"https:\/\/empatiacomunidad.com\/el-costo-oculto-de-la-fragmentacion-coordinacion-cultura-y-desempeno-en-2026\/#primaryimage"},"image":{"@id":"https:\/\/empatiacomunidad.com\/el-costo-oculto-de-la-fragmentacion-coordinacion-cultura-y-desempeno-en-2026\/#primaryimage"},"thumbnailUrl":"https:\/\/empatiacomunidad.com\/wp-content\/uploads\/2026\/02\/costo-oculto.png","datePublished":"2026-02-26T12:51:07+00:00","dateModified":"2026-02-26T14:35:30+00:00","breadcrumb":{"@id":"https:\/\/empatiacomunidad.com\/el-costo-oculto-de-la-fragmentacion-coordinacion-cultura-y-desempeno-en-2026\/#breadcrumb"},"inLanguage":"pt-BR","potentialAction":[{"@type":"ReadAction","target":["https:\/\/empatiacomunidad.com\/el-costo-oculto-de-la-fragmentacion-coordinacion-cultura-y-desempeno-en-2026\/"]}]},{"@type":"ImageObject","inLanguage":"pt-BR","@id":"https:\/\/empatiacomunidad.com\/el-costo-oculto-de-la-fragmentacion-coordinacion-cultura-y-desempeno-en-2026\/#primaryimage","url":"https:\/\/empatiacomunidad.com\/wp-content\/uploads\/2026\/02\/costo-oculto.png","contentUrl":"https:\/\/empatiacomunidad.com\/wp-content\/uploads\/2026\/02\/costo-oculto.png","width":900,"height":600},{"@type":"BreadcrumbList","@id":"https:\/\/empatiacomunidad.com\/el-costo-oculto-de-la-fragmentacion-coordinacion-cultura-y-desempeno-en-2026\/#breadcrumb","itemListElement":[{"@type":"ListItem","position":1,"name":"Inicio","item":"https:\/\/empatiacomunidad.com\/"},{"@type":"ListItem","position":2,"name":"El costo oculto de la fragmentaci\u00f3n: coordinaci\u00f3n, cultura y desempe\u00f1o en 2026"}]},{"@type":"WebSite","@id":"https:\/\/empatiacomunidad.com\/#website","url":"https:\/\/empatiacomunidad.com\/","name":"Comunidade de empatia","description":"Solu\u00e7\u00f5es de valor","publisher":{"@id":"https:\/\/empatiacomunidad.com\/#organization"},"potentialAction":[{"@type":"SearchAction","target":{"@type":"EntryPoint","urlTemplate":"https:\/\/empatiacomunidad.com\/?s={search_term_string}"},"query-input":{"@type":"PropertyValueSpecification","valueRequired":true,"valueName":"search_term_string"}}],"inLanguage":"pt-BR"},{"@type":"Organization","@id":"https:\/\/empatiacomunidad.com\/#organization","name":"Comunidade de empatia","url":"https:\/\/empatiacomunidad.com\/","logo":{"@type":"ImageObject","inLanguage":"pt-BR","@id":"https:\/\/empatiacomunidad.com\/#\/schema\/logo\/image\/","url":"https:\/\/empatiacomunidad.com\/wp-content\/uploads\/2025\/10\/Logo-Empatia-Negro.svg","contentUrl":"https:\/\/empatiacomunidad.com\/wp-content\/uploads\/2025\/10\/Logo-Empatia-Negro.svg","width":1096,"height":273,"caption":"Empat\u00eda Comunidad"},"image":{"@id":"https:\/\/empatiacomunidad.com\/#\/schema\/logo\/image\/"},"sameAs":["https:\/\/www.facebook.com\/Empatia.Comunidad\/","https:\/\/x.com\/Empatia_comu","https:\/\/www.instagram.com\/empatiacomunidad\/","https:\/\/www.linkedin.com\/company\/1381791\/admin\/dashboard\/","https:\/\/www.youtube.com\/channel\/UCF1LaQP8NqawOMXArRClGSQ?view_as=subscriber","https:\/\/open.spotify.com\/episode\/5yzhSrOdzWfFu09ej3ySQ6?si=0Im7XIKrTFGDdW4YLm_-wA&nd=1&dlsi=5410931594894d10"]},{"@type":"Person","@id":"https:\/\/empatiacomunidad.com\/#\/schema\/person\/3330c2449c83d410be1a3ba095cf79ff","name":"claudia_armesto","url":"https:\/\/empatiacomunidad.com\/pt\/author\/claudia_armesto\/"}]}},"_links":{"self":[{"href":"https:\/\/empatiacomunidad.com\/pt\/wp-json\/wp\/v2\/posts\/7934","targetHints":{"allow":["GET"]}}],"collection":[{"href":"https:\/\/empatiacomunidad.com\/pt\/wp-json\/wp\/v2\/posts"}],"about":[{"href":"https:\/\/empatiacomunidad.com\/pt\/wp-json\/wp\/v2\/types\/post"}],"author":[{"embeddable":true,"href":"https:\/\/empatiacomunidad.com\/pt\/wp-json\/wp\/v2\/users\/2"}],"replies":[{"embeddable":true,"href":"https:\/\/empatiacomunidad.com\/pt\/wp-json\/wp\/v2\/comments?post=7934"}],"version-history":[{"count":3,"href":"https:\/\/empatiacomunidad.com\/pt\/wp-json\/wp\/v2\/posts\/7934\/revisions"}],"predecessor-version":[{"id":7959,"href":"https:\/\/empatiacomunidad.com\/pt\/wp-json\/wp\/v2\/posts\/7934\/revisions\/7959"}],"wp:featuredmedia":[{"embeddable":true,"href":"https:\/\/empatiacomunidad.com\/pt\/wp-json\/wp\/v2\/media\/7941"}],"wp:attachment":[{"href":"https:\/\/empatiacomunidad.com\/pt\/wp-json\/wp\/v2\/media?parent=7934"}],"wp:term":[{"taxonomy":"category","embeddable":true,"href":"https:\/\/empatiacomunidad.com\/pt\/wp-json\/wp\/v2\/categories?post=7934"},{"taxonomy":"post_tag","embeddable":true,"href":"https:\/\/empatiacomunidad.com\/pt\/wp-json\/wp\/v2\/tags?post=7934"}],"curies":[{"name":"wp","href":"https:\/\/api.w.org\/{rel}","templated":true}]}}