{"id":7912,"date":"2026-02-05T16:39:28","date_gmt":"2026-02-05T16:39:28","guid":{"rendered":"https:\/\/empatiacomunidad.com\/?p=7912"},"modified":"2026-02-05T16:39:28","modified_gmt":"2026-02-05T16:39:28","slug":"o-funil-de-proposito-estrategico-uma-ferramenta-para-uma-comunicacao-significativa-em-2026","status":"publish","type":"post","link":"https:\/\/empatiacomunidad.com\/pt\/o-funil-de-proposito-estrategico-uma-ferramenta-para-uma-comunicacao-significativa-em-2026\/","title":{"rendered":"O funil de prop\u00f3sito estrat\u00e9gico: uma ferramenta para uma comunica\u00e7\u00e3o significativa em 2026"},"content":{"rendered":"<p><em>Por Claudia Armesto, fundadora e diretora da Empat\u00eda Comunidad<\/em><br><\/p>\n\n\n\n<p>Em tempos de hiperconectividade, automa\u00e7\u00e3o e excesso de informa\u00e7\u00f5es, a comunica\u00e7\u00e3o est\u00e1 enfrentando um desafio urgente: n\u00e3o apenas para <em>o que<\/em> dizemos, mas <em>de onde e para que finalidade<\/em> dizemos.<\/p>\n\n\n\n<p>Em um contexto em que, de acordo com o <em>F\u00f3rum Econ\u00f4mico Mundial<\/em>, somente <strong>% dos Objetivos de Desenvolvimento Sustent\u00e1vel (SDGs) est\u00e1 a caminho de ser cumprido, a comunica\u00e7\u00e3o intencional n\u00e3o \u00e9 mais uma aspira\u00e7\u00e3o ideal, mas uma necessidade estrat\u00e9gica.<\/strong><\/p>\n\n\n\n<p>A partir do Empat\u00eda Comunidad, proponho uma ferramenta conceitual que busca organizar, focar e alinhar a comunica\u00e7\u00e3o a servi\u00e7o do significado: o <strong>funil estrat\u00e9gico de prop\u00f3sito.<\/strong><\/p>\n\n\n\n<h3 class=\"wp-block-heading\"><strong>Uma ferramenta, n\u00e3o uma receita<\/strong><\/h3>\n\n\n\n<p>O funil n\u00e3o tem a inten\u00e7\u00e3o de ser um modelo fechado, mas um guia flex\u00edvel que ajuda a analisar os processos de comunica\u00e7\u00e3o a partir de uma l\u00f3gica integrativa e consciente. Ele se baseia em cinco dimens\u00f5es principais que se retroalimentam mutuamente:<\/p>\n\n\n\n<ul class=\"wp-block-list\">\n<li><strong>Finalidade<\/strong><strong><br><\/strong>Toda estrat\u00e9gia come\u00e7a com uma pergunta: por que nos comunicamos? O prop\u00f3sito n\u00e3o \u00e9 um slogan ou uma promessa, \u00e9 a base sobre a qual definimos o que queremos transformar por meio de nossas mensagens.<br><\/li>\n\n\n\n<li><strong>Ou\u00e7a<\/strong><strong><br><\/strong>Ouvir \u00e9 um pr\u00e9-requisito para qualquer relacionamento genu\u00edno. A escuta ativa e estrat\u00e9gica nos permite conectar com o que o nosso p\u00fablico precisa, sente e espera. Sem ouvir, n\u00e3o h\u00e1 empatia, nem relev\u00e2ncia, nem legitimidade.<br><\/li>\n\n\n\n<li><strong>Coer\u00eancia<\/strong><strong><br><\/strong>A comunica\u00e7\u00e3o \u00e9 sustentada quando \u00e9 apoiada por a\u00e7\u00f5es. Dizer o que fazemos, fazer o que dizemos. Em um ambiente de transpar\u00eancia radical, a consist\u00eancia n\u00e3o apenas constr\u00f3i a reputa\u00e7\u00e3o: ela sustenta as culturas organizacionais.<br><\/li>\n\n\n\n<li><strong>Cuidados<\/strong><strong><br><\/strong>A comunica\u00e7\u00e3o cuidadosa \u00e9 uma decis\u00e3o \u00e9tica. Tomar cuidado com a linguagem, as formas, os canais e o tempo. As palavras n\u00e3o s\u00e3o neutras: elas podem abrir ou fechar, construir ou deteriorar. Tomar cuidado \u00e9 tamb\u00e9m tomar cuidado com o impacto emocional do que dizemos.<br><\/li>\n\n\n\n<li><strong>Comunidade<\/strong><strong><br><\/strong>Toda comunica\u00e7\u00e3o \u00e9 relacional. N\u00e3o falamos em um v\u00e1cuo. Toda mensagem circula em redes de significado compartilhado. Comunicar-se com a comunidade \u00e9 assumir que nossas palavras n\u00e3o pertencem inteiramente a n\u00f3s: elas fazem parte do tecido social que habitamos e transformamos.<br><\/li>\n<\/ul>\n\n\n\n<h3 class=\"wp-block-heading\"><strong>Fale menos, fale melhor<\/strong><\/h3>\n\n\n\n<p>O <strong>funil de prop\u00f3sito estrat\u00e9gico <\/strong>n\u00e3o busca simplificar a complexidade, mas oferecer um mapa. Uma maneira de retornar \u00e0 subst\u00e2ncia em vez de \u00e0 forma. Para recuperar a inten\u00e7\u00e3o por tr\u00e1s das palavras. Para abrir espa\u00e7os onde a comunica\u00e7\u00e3o seja uma ponte, n\u00e3o uma barreira.<\/p>\n\n\n\n<p>Essa abordagem est\u00e1 em di\u00e1logo com o <strong>RE|DECIR<\/strong> que apresentamos em nosso podcast, e faz parte de uma linha de pensamento que venho desenvolvendo por meio da pr\u00e1tica profissional, do ensino e da observa\u00e7\u00e3o cr\u00edtica do ecossistema de comunica\u00e7\u00e3o atual.<\/p>\n\n\n\n<p>Em resumo, a comunica\u00e7\u00e3o com prop\u00f3sito n\u00e3o \u00e9 apenas uma estrat\u00e9gia: \u00e9 uma forma de habitar a linguagem com responsabilidade, significado e empatia.<\/p>\n\n\n\n<p><strong>empatiacomunidad.com <br>RE|DECIR - Os 3R's do discurso<\/strong> | Podcast dispon\u00edvel no Spotify <a href=\"https:\/\/open.spotify.com\/episode\/5yzhSrOdzWfFu09ej3ySQ6?si=rOwy2oomQ4CyhGctY2pL4Q\">https:\/\/open.spotify.com\/episode\/5yzhSrOdzWfFu09ej3ySQ6?si=rOwy2oomQ4CyhGctY2pL4Q\u00a0<\/a><\/p>\n\n\n\n<p><\/p>\n\n\n\n<p><\/p>\n\n\n\n<p><\/p>\n\n\n\n<p><\/p>\n\n\n\n<p><\/p>\n\n\n\n<p><\/p>\n\n\n\n<p><\/p>\n\n\n\n<p><\/p>\n\n\n\n<p><\/p>\n\n\n\n<p><\/p>\n\n\n\n<p><\/p>\n\n\n\n<p><\/p>\n\n\n\n<p><\/p>\n\n\n\n<p><\/p>\n\n\n\n<p><\/p>\n\n\n\n<p><\/p>","protected":false},"excerpt":{"rendered":"<p>O funil estrat\u00e9gico de prop\u00f3sito n\u00e3o busca simplificar a complexidade, mas fornecer um mapa. Uma maneira de retornar \u00e0 subst\u00e2ncia antes da forma. Para recuperar a inten\u00e7\u00e3o por tr\u00e1s das palavras. Para abrir espa\u00e7os em que a comunica\u00e7\u00e3o seja uma ponte, n\u00e3o uma barreira.<\/p>","protected":false},"author":2,"featured_media":7913,"comment_status":"open","ping_status":"open","sticky":false,"template":"","format":"standard","meta":{"footnotes":""},"categories":[10],"tags":[12,13,583,14,582],"class_list":["post-7912","post","type-post","status-publish","format-standard","has-post-thumbnail","hentry","category-novedades","tag-claudia-armesto","tag-comunicacion","tag-embudo-estrategico","tag-empatia-comunidad","tag-redecir"],"yoast_head":"<!-- This site is optimized with the Yoast SEO plugin v27.4 - https:\/\/yoast.com\/product\/yoast-seo-wordpress\/ -->\n<title>El embudo estrat\u00e9gico del prop\u00f3sito: una herramienta para comunicar con sentido en 2026 - Empat\u00eda Comunidad<\/title>\n<meta name=\"robots\" content=\"index, follow, max-snippet:-1, max-image-preview:large, max-video-preview:-1\" \/>\n<link rel=\"canonical\" href=\"https:\/\/empatiacomunidad.com\/pt\/o-funil-de-proposito-estrategico-uma-ferramenta-para-uma-comunicacao-significativa-em-2026\/\" \/>\n<meta property=\"og:locale\" content=\"pt_BR\" \/>\n<meta property=\"og:type\" content=\"article\" \/>\n<meta property=\"og:title\" content=\"El embudo estrat\u00e9gico del prop\u00f3sito: una herramienta para comunicar con sentido en 2026 - Empat\u00eda Comunidad\" \/>\n<meta property=\"og:description\" content=\"El embudo estrat\u00e9gico del prop\u00f3sito no busca simplificar la complejidad, sino ofrecer un mapa. Una forma de volver al fondo antes que a la forma. De recuperar la intenci\u00f3n detr\u00e1s del decir. De abrir espacios donde la comunicaci\u00f3n sea puente, no barrera.\" \/>\n<meta property=\"og:url\" content=\"https:\/\/empatiacomunidad.com\/pt\/o-funil-de-proposito-estrategico-uma-ferramenta-para-uma-comunicacao-significativa-em-2026\/\" \/>\n<meta property=\"og:site_name\" content=\"Empat\u00eda Comunidad\" \/>\n<meta property=\"article:publisher\" content=\"https:\/\/www.facebook.com\/Empatia.Comunidad\/\" \/>\n<meta property=\"article:published_time\" content=\"2026-02-05T16:39:28+00:00\" \/>\n<meta property=\"og:image\" content=\"https:\/\/empatiacomunidad.com\/wp-content\/uploads\/2026\/02\/embudo-1.png\" \/>\n\t<meta property=\"og:image:width\" content=\"900\" \/>\n\t<meta property=\"og:image:height\" content=\"600\" \/>\n\t<meta property=\"og:image:type\" content=\"image\/png\" \/>\n<meta name=\"author\" content=\"claudia_armesto\" \/>\n<meta name=\"twitter:card\" content=\"summary_large_image\" \/>\n<meta name=\"twitter:creator\" content=\"@Empatia_comu\" \/>\n<meta name=\"twitter:site\" content=\"@Empatia_comu\" \/>\n<meta name=\"twitter:label1\" content=\"Escrito por\" \/>\n\t<meta name=\"twitter:data1\" content=\"claudia_armesto\" \/>\n\t<meta name=\"twitter:label2\" content=\"Est. tempo de leitura\" \/>\n\t<meta name=\"twitter:data2\" content=\"3 minutos\" \/>\n<script type=\"application\/ld+json\" class=\"yoast-schema-graph\">{\"@context\":\"https:\\\/\\\/schema.org\",\"@graph\":[{\"@type\":\"Article\",\"@id\":\"https:\\\/\\\/empatiacomunidad.com\\\/el-embudo-estrategico-del-proposito-una-herramienta-para-comunicar-con-sentido-en-2026\\\/#article\",\"isPartOf\":{\"@id\":\"https:\\\/\\\/empatiacomunidad.com\\\/el-embudo-estrategico-del-proposito-una-herramienta-para-comunicar-con-sentido-en-2026\\\/\"},\"author\":{\"name\":\"claudia_armesto\",\"@id\":\"https:\\\/\\\/empatiacomunidad.com\\\/#\\\/schema\\\/person\\\/3330c2449c83d410be1a3ba095cf79ff\"},\"headline\":\"El embudo estrat\u00e9gico del prop\u00f3sito: una herramienta para comunicar con sentido en 2026\",\"datePublished\":\"2026-02-05T16:39:28+00:00\",\"mainEntityOfPage\":{\"@id\":\"https:\\\/\\\/empatiacomunidad.com\\\/el-embudo-estrategico-del-proposito-una-herramienta-para-comunicar-con-sentido-en-2026\\\/\"},\"wordCount\":514,\"commentCount\":0,\"publisher\":{\"@id\":\"https:\\\/\\\/empatiacomunidad.com\\\/#organization\"},\"image\":{\"@id\":\"https:\\\/\\\/empatiacomunidad.com\\\/el-embudo-estrategico-del-proposito-una-herramienta-para-comunicar-con-sentido-en-2026\\\/#primaryimage\"},\"thumbnailUrl\":\"https:\\\/\\\/empatiacomunidad.com\\\/wp-content\\\/uploads\\\/2026\\\/02\\\/embudo-1.png\",\"keywords\":[\"Claudia Armesto\",\"comunicaci\u00f3n\",\"Embudo Estrat\u00e9gico\",\"Empatia Comunidad\",\"RE|DECIR\"],\"articleSection\":[\"Novedades\"],\"inLanguage\":\"pt-BR\",\"potentialAction\":[{\"@type\":\"CommentAction\",\"name\":\"Comment\",\"target\":[\"https:\\\/\\\/empatiacomunidad.com\\\/el-embudo-estrategico-del-proposito-una-herramienta-para-comunicar-con-sentido-en-2026\\\/#respond\"]}]},{\"@type\":\"WebPage\",\"@id\":\"https:\\\/\\\/empatiacomunidad.com\\\/el-embudo-estrategico-del-proposito-una-herramienta-para-comunicar-con-sentido-en-2026\\\/\",\"url\":\"https:\\\/\\\/empatiacomunidad.com\\\/el-embudo-estrategico-del-proposito-una-herramienta-para-comunicar-con-sentido-en-2026\\\/\",\"name\":\"El embudo estrat\u00e9gico del prop\u00f3sito: una herramienta para comunicar con sentido en 2026 - Empat\u00eda Comunidad\",\"isPartOf\":{\"@id\":\"https:\\\/\\\/empatiacomunidad.com\\\/#website\"},\"primaryImageOfPage\":{\"@id\":\"https:\\\/\\\/empatiacomunidad.com\\\/el-embudo-estrategico-del-proposito-una-herramienta-para-comunicar-con-sentido-en-2026\\\/#primaryimage\"},\"image\":{\"@id\":\"https:\\\/\\\/empatiacomunidad.com\\\/el-embudo-estrategico-del-proposito-una-herramienta-para-comunicar-con-sentido-en-2026\\\/#primaryimage\"},\"thumbnailUrl\":\"https:\\\/\\\/empatiacomunidad.com\\\/wp-content\\\/uploads\\\/2026\\\/02\\\/embudo-1.png\",\"datePublished\":\"2026-02-05T16:39:28+00:00\",\"breadcrumb\":{\"@id\":\"https:\\\/\\\/empatiacomunidad.com\\\/el-embudo-estrategico-del-proposito-una-herramienta-para-comunicar-con-sentido-en-2026\\\/#breadcrumb\"},\"inLanguage\":\"pt-BR\",\"potentialAction\":[{\"@type\":\"ReadAction\",\"target\":[\"https:\\\/\\\/empatiacomunidad.com\\\/el-embudo-estrategico-del-proposito-una-herramienta-para-comunicar-con-sentido-en-2026\\\/\"]}]},{\"@type\":\"ImageObject\",\"inLanguage\":\"pt-BR\",\"@id\":\"https:\\\/\\\/empatiacomunidad.com\\\/el-embudo-estrategico-del-proposito-una-herramienta-para-comunicar-con-sentido-en-2026\\\/#primaryimage\",\"url\":\"https:\\\/\\\/empatiacomunidad.com\\\/wp-content\\\/uploads\\\/2026\\\/02\\\/embudo-1.png\",\"contentUrl\":\"https:\\\/\\\/empatiacomunidad.com\\\/wp-content\\\/uploads\\\/2026\\\/02\\\/embudo-1.png\",\"width\":900,\"height\":600},{\"@type\":\"BreadcrumbList\",\"@id\":\"https:\\\/\\\/empatiacomunidad.com\\\/el-embudo-estrategico-del-proposito-una-herramienta-para-comunicar-con-sentido-en-2026\\\/#breadcrumb\",\"itemListElement\":[{\"@type\":\"ListItem\",\"position\":1,\"name\":\"Inicio\",\"item\":\"https:\\\/\\\/empatiacomunidad.com\\\/\"},{\"@type\":\"ListItem\",\"position\":2,\"name\":\"El embudo estrat\u00e9gico del prop\u00f3sito: una herramienta para comunicar con sentido en 2026\"}]},{\"@type\":\"WebSite\",\"@id\":\"https:\\\/\\\/empatiacomunidad.com\\\/#website\",\"url\":\"https:\\\/\\\/empatiacomunidad.com\\\/\",\"name\":\"Empat\u00eda Comunidad\",\"description\":\"Soluciones de valor\",\"publisher\":{\"@id\":\"https:\\\/\\\/empatiacomunidad.com\\\/#organization\"},\"potentialAction\":[{\"@type\":\"SearchAction\",\"target\":{\"@type\":\"EntryPoint\",\"urlTemplate\":\"https:\\\/\\\/empatiacomunidad.com\\\/?s={search_term_string}\"},\"query-input\":{\"@type\":\"PropertyValueSpecification\",\"valueRequired\":true,\"valueName\":\"search_term_string\"}}],\"inLanguage\":\"pt-BR\"},{\"@type\":\"Organization\",\"@id\":\"https:\\\/\\\/empatiacomunidad.com\\\/#organization\",\"name\":\"Empat\u00eda Comunidad\",\"url\":\"https:\\\/\\\/empatiacomunidad.com\\\/\",\"logo\":{\"@type\":\"ImageObject\",\"inLanguage\":\"pt-BR\",\"@id\":\"https:\\\/\\\/empatiacomunidad.com\\\/#\\\/schema\\\/logo\\\/image\\\/\",\"url\":\"https:\\\/\\\/empatiacomunidad.com\\\/wp-content\\\/uploads\\\/2025\\\/10\\\/Logo-Empatia-Negro.svg\",\"contentUrl\":\"https:\\\/\\\/empatiacomunidad.com\\\/wp-content\\\/uploads\\\/2025\\\/10\\\/Logo-Empatia-Negro.svg\",\"width\":1096,\"height\":273,\"caption\":\"Empat\u00eda Comunidad\"},\"image\":{\"@id\":\"https:\\\/\\\/empatiacomunidad.com\\\/#\\\/schema\\\/logo\\\/image\\\/\"},\"sameAs\":[\"https:\\\/\\\/www.facebook.com\\\/Empatia.Comunidad\\\/\",\"https:\\\/\\\/x.com\\\/Empatia_comu\",\"https:\\\/\\\/www.instagram.com\\\/empatiacomunidad\\\/\",\"https:\\\/\\\/www.linkedin.com\\\/company\\\/1381791\\\/admin\\\/dashboard\\\/\",\"https:\\\/\\\/www.youtube.com\\\/channel\\\/UCF1LaQP8NqawOMXArRClGSQ?view_as=subscriber\",\"https:\\\/\\\/open.spotify.com\\\/episode\\\/5yzhSrOdzWfFu09ej3ySQ6?si=0Im7XIKrTFGDdW4YLm_-wA&nd=1&dlsi=5410931594894d10\"]},{\"@type\":\"Person\",\"@id\":\"https:\\\/\\\/empatiacomunidad.com\\\/#\\\/schema\\\/person\\\/3330c2449c83d410be1a3ba095cf79ff\",\"name\":\"claudia_armesto\",\"url\":\"https:\\\/\\\/empatiacomunidad.com\\\/pt\\\/author\\\/claudia_armesto\\\/\"}]}<\/script>\n<!-- \/ Yoast SEO plugin. -->","yoast_head_json":{"title":"O funil estrat\u00e9gico do prop\u00f3sito: uma ferramenta para uma comunica\u00e7\u00e3o significativa em 2026 - Empathy Community","robots":{"index":"index","follow":"follow","max-snippet":"max-snippet:-1","max-image-preview":"max-image-preview:large","max-video-preview":"max-video-preview:-1"},"canonical":"https:\/\/empatiacomunidad.com\/pt\/o-funil-de-proposito-estrategico-uma-ferramenta-para-uma-comunicacao-significativa-em-2026\/","og_locale":"pt_BR","og_type":"article","og_title":"El embudo estrat\u00e9gico del prop\u00f3sito: una herramienta para comunicar con sentido en 2026 - Empat\u00eda Comunidad","og_description":"El embudo estrat\u00e9gico del prop\u00f3sito no busca simplificar la complejidad, sino ofrecer un mapa. Una forma de volver al fondo antes que a la forma. De recuperar la intenci\u00f3n detr\u00e1s del decir. De abrir espacios donde la comunicaci\u00f3n sea puente, no barrera.","og_url":"https:\/\/empatiacomunidad.com\/pt\/o-funil-de-proposito-estrategico-uma-ferramenta-para-uma-comunicacao-significativa-em-2026\/","og_site_name":"Empat\u00eda Comunidad","article_publisher":"https:\/\/www.facebook.com\/Empatia.Comunidad\/","article_published_time":"2026-02-05T16:39:28+00:00","og_image":[{"width":900,"height":600,"url":"https:\/\/empatiacomunidad.com\/wp-content\/uploads\/2026\/02\/embudo-1.png","type":"image\/png"}],"author":"claudia_armesto","twitter_card":"summary_large_image","twitter_creator":"@Empatia_comu","twitter_site":"@Empatia_comu","twitter_misc":{"Escrito por":"claudia_armesto","Est. tempo de leitura":"3 minutos"},"schema":{"@context":"https:\/\/schema.org","@graph":[{"@type":"Article","@id":"https:\/\/empatiacomunidad.com\/el-embudo-estrategico-del-proposito-una-herramienta-para-comunicar-con-sentido-en-2026\/#article","isPartOf":{"@id":"https:\/\/empatiacomunidad.com\/el-embudo-estrategico-del-proposito-una-herramienta-para-comunicar-con-sentido-en-2026\/"},"author":{"name":"claudia_armesto","@id":"https:\/\/empatiacomunidad.com\/#\/schema\/person\/3330c2449c83d410be1a3ba095cf79ff"},"headline":"El embudo estrat\u00e9gico del prop\u00f3sito: una herramienta para comunicar con sentido en 2026","datePublished":"2026-02-05T16:39:28+00:00","mainEntityOfPage":{"@id":"https:\/\/empatiacomunidad.com\/el-embudo-estrategico-del-proposito-una-herramienta-para-comunicar-con-sentido-en-2026\/"},"wordCount":514,"commentCount":0,"publisher":{"@id":"https:\/\/empatiacomunidad.com\/#organization"},"image":{"@id":"https:\/\/empatiacomunidad.com\/el-embudo-estrategico-del-proposito-una-herramienta-para-comunicar-con-sentido-en-2026\/#primaryimage"},"thumbnailUrl":"https:\/\/empatiacomunidad.com\/wp-content\/uploads\/2026\/02\/embudo-1.png","keywords":["Claudia Armesto","comunicaci\u00f3n","Embudo Estrat\u00e9gico","Empatia Comunidad","RE|DECIR"],"articleSection":["Novedades"],"inLanguage":"pt-BR","potentialAction":[{"@type":"CommentAction","name":"Comment","target":["https:\/\/empatiacomunidad.com\/el-embudo-estrategico-del-proposito-una-herramienta-para-comunicar-con-sentido-en-2026\/#respond"]}]},{"@type":"WebPage","@id":"https:\/\/empatiacomunidad.com\/el-embudo-estrategico-del-proposito-una-herramienta-para-comunicar-con-sentido-en-2026\/","url":"https:\/\/empatiacomunidad.com\/el-embudo-estrategico-del-proposito-una-herramienta-para-comunicar-con-sentido-en-2026\/","name":"O funil estrat\u00e9gico do prop\u00f3sito: uma ferramenta para uma comunica\u00e7\u00e3o significativa em 2026 - Empathy Community","isPartOf":{"@id":"https:\/\/empatiacomunidad.com\/#website"},"primaryImageOfPage":{"@id":"https:\/\/empatiacomunidad.com\/el-embudo-estrategico-del-proposito-una-herramienta-para-comunicar-con-sentido-en-2026\/#primaryimage"},"image":{"@id":"https:\/\/empatiacomunidad.com\/el-embudo-estrategico-del-proposito-una-herramienta-para-comunicar-con-sentido-en-2026\/#primaryimage"},"thumbnailUrl":"https:\/\/empatiacomunidad.com\/wp-content\/uploads\/2026\/02\/embudo-1.png","datePublished":"2026-02-05T16:39:28+00:00","breadcrumb":{"@id":"https:\/\/empatiacomunidad.com\/el-embudo-estrategico-del-proposito-una-herramienta-para-comunicar-con-sentido-en-2026\/#breadcrumb"},"inLanguage":"pt-BR","potentialAction":[{"@type":"ReadAction","target":["https:\/\/empatiacomunidad.com\/el-embudo-estrategico-del-proposito-una-herramienta-para-comunicar-con-sentido-en-2026\/"]}]},{"@type":"ImageObject","inLanguage":"pt-BR","@id":"https:\/\/empatiacomunidad.com\/el-embudo-estrategico-del-proposito-una-herramienta-para-comunicar-con-sentido-en-2026\/#primaryimage","url":"https:\/\/empatiacomunidad.com\/wp-content\/uploads\/2026\/02\/embudo-1.png","contentUrl":"https:\/\/empatiacomunidad.com\/wp-content\/uploads\/2026\/02\/embudo-1.png","width":900,"height":600},{"@type":"BreadcrumbList","@id":"https:\/\/empatiacomunidad.com\/el-embudo-estrategico-del-proposito-una-herramienta-para-comunicar-con-sentido-en-2026\/#breadcrumb","itemListElement":[{"@type":"ListItem","position":1,"name":"Inicio","item":"https:\/\/empatiacomunidad.com\/"},{"@type":"ListItem","position":2,"name":"El embudo estrat\u00e9gico del prop\u00f3sito: una herramienta para comunicar con sentido en 2026"}]},{"@type":"WebSite","@id":"https:\/\/empatiacomunidad.com\/#website","url":"https:\/\/empatiacomunidad.com\/","name":"Comunidade de empatia","description":"Solu\u00e7\u00f5es de valor","publisher":{"@id":"https:\/\/empatiacomunidad.com\/#organization"},"potentialAction":[{"@type":"SearchAction","target":{"@type":"EntryPoint","urlTemplate":"https:\/\/empatiacomunidad.com\/?s={search_term_string}"},"query-input":{"@type":"PropertyValueSpecification","valueRequired":true,"valueName":"search_term_string"}}],"inLanguage":"pt-BR"},{"@type":"Organization","@id":"https:\/\/empatiacomunidad.com\/#organization","name":"Comunidade de empatia","url":"https:\/\/empatiacomunidad.com\/","logo":{"@type":"ImageObject","inLanguage":"pt-BR","@id":"https:\/\/empatiacomunidad.com\/#\/schema\/logo\/image\/","url":"https:\/\/empatiacomunidad.com\/wp-content\/uploads\/2025\/10\/Logo-Empatia-Negro.svg","contentUrl":"https:\/\/empatiacomunidad.com\/wp-content\/uploads\/2025\/10\/Logo-Empatia-Negro.svg","width":1096,"height":273,"caption":"Empat\u00eda Comunidad"},"image":{"@id":"https:\/\/empatiacomunidad.com\/#\/schema\/logo\/image\/"},"sameAs":["https:\/\/www.facebook.com\/Empatia.Comunidad\/","https:\/\/x.com\/Empatia_comu","https:\/\/www.instagram.com\/empatiacomunidad\/","https:\/\/www.linkedin.com\/company\/1381791\/admin\/dashboard\/","https:\/\/www.youtube.com\/channel\/UCF1LaQP8NqawOMXArRClGSQ?view_as=subscriber","https:\/\/open.spotify.com\/episode\/5yzhSrOdzWfFu09ej3ySQ6?si=0Im7XIKrTFGDdW4YLm_-wA&nd=1&dlsi=5410931594894d10"]},{"@type":"Person","@id":"https:\/\/empatiacomunidad.com\/#\/schema\/person\/3330c2449c83d410be1a3ba095cf79ff","name":"claudia_armesto","url":"https:\/\/empatiacomunidad.com\/pt\/author\/claudia_armesto\/"}]}},"_links":{"self":[{"href":"https:\/\/empatiacomunidad.com\/pt\/wp-json\/wp\/v2\/posts\/7912","targetHints":{"allow":["GET"]}}],"collection":[{"href":"https:\/\/empatiacomunidad.com\/pt\/wp-json\/wp\/v2\/posts"}],"about":[{"href":"https:\/\/empatiacomunidad.com\/pt\/wp-json\/wp\/v2\/types\/post"}],"author":[{"embeddable":true,"href":"https:\/\/empatiacomunidad.com\/pt\/wp-json\/wp\/v2\/users\/2"}],"replies":[{"embeddable":true,"href":"https:\/\/empatiacomunidad.com\/pt\/wp-json\/wp\/v2\/comments?post=7912"}],"version-history":[{"count":1,"href":"https:\/\/empatiacomunidad.com\/pt\/wp-json\/wp\/v2\/posts\/7912\/revisions"}],"predecessor-version":[{"id":7914,"href":"https:\/\/empatiacomunidad.com\/pt\/wp-json\/wp\/v2\/posts\/7912\/revisions\/7914"}],"wp:featuredmedia":[{"embeddable":true,"href":"https:\/\/empatiacomunidad.com\/pt\/wp-json\/wp\/v2\/media\/7913"}],"wp:attachment":[{"href":"https:\/\/empatiacomunidad.com\/pt\/wp-json\/wp\/v2\/media?parent=7912"}],"wp:term":[{"taxonomy":"category","embeddable":true,"href":"https:\/\/empatiacomunidad.com\/pt\/wp-json\/wp\/v2\/categories?post=7912"},{"taxonomy":"post_tag","embeddable":true,"href":"https:\/\/empatiacomunidad.com\/pt\/wp-json\/wp\/v2\/tags?post=7912"}],"curies":[{"name":"wp","href":"https:\/\/api.w.org\/{rel}","templated":true}]}}