{"id":6526,"date":"2023-10-18T13:58:45","date_gmt":"2023-10-18T16:58:45","guid":{"rendered":"http:\/\/empatiacomunidad.com.ar\/?p=1377"},"modified":"2023-10-18T13:58:45","modified_gmt":"2023-10-18T16:58:45","slug":"se-lanzo-la-nueva-coleccion-de-pisos-y-revestimientos-tendenza-pulidos","status":"publish","type":"post","link":"https:\/\/empatiacomunidad.com\/pt\/se-lanzo-la-nueva-coleccion-de-pisos-y-revestimientos-tendenza-pulidos\/","title":{"rendered":"Se lanz\u00f3 la nueva colecci\u00f3n de pisos y revestimientos TENDENZA PULIDOS"},"content":{"rendered":"<p><em><em>Con la incorporaci\u00f3n de tecnolog\u00eda de \u00faltima generaci\u00f3n europea, Tendenza lanza su nueva l\u00ednea de pisos y revestimientos pulidos que revolucionan el mercado del interiorismo desde la calidad y el acabado internacional del pulido como tambi\u00e9n en la propuesta de dise\u00f1o y gama de colores.<\/em><\/em><\/p>\n\n\n\n<p>En un evento exclusivo focalizado en su red comercial, Tendenza lanza un recorrido por su nueva colecci\u00f3n desde el 2 al 6 de octubre, en el Palacio Paz Hotel. En la exhibici\u00f3n se muestran las diferentes tendencias que prometen aportar un toque de estilo y modernidad en la decoraci\u00f3n de cualquier ambiente. Los visitantes podr\u00e1n experimentar, tocar y ver la nueva colecci\u00f3n de pisos y revestimientos que cuentan con las siguientes novedades: nuevas medidas (60&#215;60 y 60&#215;120), colores neutros y tramas s\u00edmil de m\u00e1rmol y piedras. La nueva l\u00ednea es reflejo de innovaci\u00f3n y adelanta la nueva temporada 2023\/2024&nbsp; en dise\u00f1o interior de las paredes y pisos para el sector de la arquitectura y decoraci\u00f3n.<\/p>\n\n\n\n<p>Con la incorporaci\u00f3n de una novedosa tecnolog\u00eda europea en su planta productiva, la empresa plasma las nuevas tendencias de interiorismo y decoraci\u00f3n desde acabados brillantes pulidos. Pensado para un p\u00fablico que busca propuestas innovadoras, nuevas tendencias con dise\u00f1os \u00fanicos y de estilo, pero que tambi\u00e9n sean amigables con el medioambiente. Es una l\u00ednea dirigida a los profesionales, tanto arquitectos, decoradores e interioristas fueron consultados para el desarrollo de esta nueva gama de productos. Entre los nuevos dise\u00f1os se destacan:, Imperial, Honey, Ocean, Michelangelo, Pearl, Poison, Sky, Unique, Polar, Lagoon, Palladium, Ice, Alpine, Golden, Spectrum.&nbsp;<\/p>\n\n\n\n<p>\u201cElevar los proyectos con <strong>Tendenza<\/strong>: Transformar cada espacio desde una notable fusi\u00f3n de innovaci\u00f3n, dise\u00f1o y calidad internacional con la nueva colecci\u00f3n de pisos y revestimientos pulidos, es el prop\u00f3sito de esta nueva colecci\u00f3n\u00bb, comenta Mat\u00edas Allen, gerente comercial de Cer\u00e1micas Ca\u00f1uelas.&nbsp;<\/p>\n\n\n\n<p><strong>Su car\u00e1cter amigable con el medioambiente<\/strong><\/p>\n\n\n\n<p>El piso gres&nbsp; se presenta como una<strong> innovaci\u00f3n sustentable<\/strong> a la hora de hablar de pisos y revestimientos, esto se debe a que en su proceso de producci\u00f3n utiliza menos el recurso del agua, en comparaci\u00f3n con otros procesos de pisos como el porcelanato, <strong>manteniendo&nbsp; similar&nbsp; calidad, resistencia y durabilidad, <\/strong>lo que lo vuelve una opci\u00f3n <strong>mucho m\u00e1s sustentable y amigable con el medio ambiente<\/strong>. Adem\u00e1s, su resistencia a<strong>l desgaste y al impacto extremadamente fuertes lo hacen ideal tambi\u00e9n para zonas de mucho tr\u00e1nsito y espacios al aire libre.<\/strong><\/p>\n\n\n\n<p><strong>Este material es dimensionalmente estable: es decir que su resistencia es alta incluso ante cambios bruscos de temperatura y condiciones ambientales.<\/strong> Por su parte, su tasa de absorci\u00f3n de humedad es muy baja por lo que los pisos son casi&nbsp; completamente impermeables. Por \u00faltimo, a diferencia de otros tipos de dispositivos, es&nbsp; un material no poroso y que no conlleva casi mantenimiento.&nbsp;<\/p>\n\n\n\n<p>Esta nueva colecci\u00f3n se presenta como una <strong>l\u00ednea sustentable&nbsp; <\/strong>comprometida con generar un impacto positivo en el medioambiente : convirti\u00e9ndola en una propuesta diferente y responsable con el cuidado del planeta, y que aporta innovaci\u00f3n, estilo y modernidad al interiorismo.&nbsp;<\/p>\n\n\n\n<p>\u201cTenemos altas expectativas porque creemos que esta l\u00ednea responde a lo que el mercado necesita en cuanto a ser cada vez m\u00e1s eficientes y sustentables, sin perder la calidad, resistencia, durabilidad y&nbsp; versatilidad en las medidas y el dise\u00f1o. Para nosotros, tendr\u00e1 una r\u00e1pida y gran aceptaci\u00f3n por parte de distintos actores de la construcci\u00f3n: arquitectos, decoradores e interioristas, que una vez que conozcan los atributos y las ventajas de esta exclusiva l\u00ednea van a utilizarla en cada uno de sus proyectos\u201d, sostiene Mat\u00edas Allen, gerente comercial de Cer\u00e1mica Ca\u00f1uelas.<\/p>\n\n\n\n<p><strong>Acerca de Tendenza<\/strong><\/p>\n\n\n\n<p>Tendenza es la marca premium de Cer\u00e1micas Ca\u00f1uelas, una empresa argentina dedicada a la fabricaci\u00f3n y comercializaci\u00f3n de pisos y revestimientos cer\u00e1micos, con una amplia experiencia en el sector. Su principal objetivo es ofrecer a sus clientes y consumidores productos de calidad internacional y que sean amigables con el medioambiente. Para ello, realiza continuas inversiones en la tecnolog\u00eda m\u00e1s avanzada, buscando generar un impacto positivo en el sector de la construcci\u00f3n del pa\u00eds.<\/p>\n\n\n\n<p>Competencia, pasi\u00f3n y eficiencia es el patrimonio \u00fanico que Tendenza pone a disposici\u00f3n para realizar proyectos con un alto nivel de excelencia. El porcel\u00e1nico de Tendenza es el que permite esta versatilidad, respondiendo cualitativa y t\u00e9cnicamente a los est\u00e1ndares m\u00e1s elevados que exige un mercado en constante evoluci\u00f3n y que sus procesos sean cada vez m\u00e1s eficientes y sustentables.&nbsp;<\/p>\n\n\n\n<figure class=\"wp-block-embed\"><div class=\"wp-block-embed__wrapper\">\nhttps:\/\/www.tendenza.com.ar\/\n<\/div><\/figure>\n\n\n\n<figure class=\"wp-block-embed\"><div class=\"wp-block-embed__wrapper\">\nhttps:\/\/ceramicacanuelas.com.ar\/\n<\/div><\/figure>","protected":false},"excerpt":{"rendered":"<p>Con la incorporaci\u00f3n de tecnolog\u00eda de \u00faltima generaci\u00f3n europea, Tendenza lanza su nueva l\u00ednea de pisos y revestimientos pulidos que revolucionan el mercado del interiorismo desde la calidad y el acabado internacional del pulido como tambi\u00e9n en la propuesta de dise\u00f1o y gama de colores.<\/p>","protected":false},"author":2,"featured_media":5918,"comment_status":"open","ping_status":"open","sticky":false,"template":"","format":"standard","meta":{"footnotes":""},"categories":[240,10],"tags":[248,249,250,251,252,253],"class_list":["post-6526","post","type-post","status-publish","format-standard","has-post-thumbnail","hentry","category-eventos","category-novedades","tag-coleccion","tag-nueva","tag-pisos","tag-pulidos","tag-revestimientos","tag-tendenza"],"yoast_head":"<!-- This site is optimized with the Yoast SEO plugin v27.4 - https:\/\/yoast.com\/product\/yoast-seo-wordpress\/ -->\n<title>Se lanz\u00f3 la nueva colecci\u00f3n de pisos y revestimientos TENDENZA PULIDOS - Empat\u00eda Comunidad<\/title>\n<meta name=\"robots\" content=\"index, follow, max-snippet:-1, max-image-preview:large, max-video-preview:-1\" \/>\n<link rel=\"canonical\" href=\"https:\/\/empatiacomunidad.com\/pt\/se-lanzo-la-nueva-coleccion-de-pisos-y-revestimientos-tendenza-pulidos\/\" \/>\n<meta property=\"og:locale\" content=\"pt_BR\" \/>\n<meta property=\"og:type\" content=\"article\" \/>\n<meta property=\"og:title\" content=\"Se lanz\u00f3 la nueva colecci\u00f3n de pisos y revestimientos TENDENZA PULIDOS - Empat\u00eda Comunidad\" \/>\n<meta property=\"og:description\" content=\"Con la incorporaci\u00f3n de tecnolog\u00eda de \u00faltima generaci\u00f3n europea, Tendenza lanza su nueva l\u00ednea de pisos y revestimientos pulidos que revolucionan el mercado del interiorismo desde la calidad y el acabado internacional del pulido como tambi\u00e9n en la propuesta de dise\u00f1o y gama de colores.\" \/>\n<meta property=\"og:url\" content=\"https:\/\/empatiacomunidad.com\/pt\/se-lanzo-la-nueva-coleccion-de-pisos-y-revestimientos-tendenza-pulidos\/\" \/>\n<meta property=\"og:site_name\" content=\"Empat\u00eda Comunidad\" \/>\n<meta property=\"article:publisher\" content=\"https:\/\/www.facebook.com\/Empatia.Comunidad\/\" \/>\n<meta property=\"article:published_time\" content=\"2023-10-18T16:58:45+00:00\" \/>\n<meta property=\"og:image\" content=\"https:\/\/empatiacomunidad.com\/wp-content\/uploads\/2023\/10\/WhatsApp-Image-2023-10-02-at-11.40.35.jpeg\" \/>\n\t<meta property=\"og:image:width\" content=\"1600\" \/>\n\t<meta property=\"og:image:height\" content=\"1200\" \/>\n\t<meta property=\"og:image:type\" content=\"image\/jpeg\" \/>\n<meta name=\"author\" content=\"claudia_armesto\" \/>\n<meta name=\"twitter:card\" content=\"summary_large_image\" \/>\n<meta name=\"twitter:creator\" content=\"@Empatia_comu\" \/>\n<meta name=\"twitter:site\" content=\"@Empatia_comu\" \/>\n<meta name=\"twitter:label1\" content=\"Escrito por\" \/>\n\t<meta name=\"twitter:data1\" content=\"claudia_armesto\" \/>\n\t<meta name=\"twitter:label2\" content=\"Est. tempo de leitura\" \/>\n\t<meta name=\"twitter:data2\" content=\"4 minutos\" \/>\n<script type=\"application\/ld+json\" class=\"yoast-schema-graph\">{\"@context\":\"https:\\\/\\\/schema.org\",\"@graph\":[{\"@type\":\"Article\",\"@id\":\"https:\\\/\\\/empatiacomunidad.com\\\/se-lanzo-la-nueva-coleccion-de-pisos-y-revestimientos-tendenza-pulidos\\\/#article\",\"isPartOf\":{\"@id\":\"https:\\\/\\\/empatiacomunidad.com\\\/se-lanzo-la-nueva-coleccion-de-pisos-y-revestimientos-tendenza-pulidos\\\/\"},\"author\":{\"name\":\"claudia_armesto\",\"@id\":\"https:\\\/\\\/empatiacomunidad.com\\\/#\\\/schema\\\/person\\\/3330c2449c83d410be1a3ba095cf79ff\"},\"headline\":\"Se lanz\u00f3 la nueva colecci\u00f3n de pisos y revestimientos TENDENZA PULIDOS\",\"datePublished\":\"2023-10-18T16:58:45+00:00\",\"mainEntityOfPage\":{\"@id\":\"https:\\\/\\\/empatiacomunidad.com\\\/se-lanzo-la-nueva-coleccion-de-pisos-y-revestimientos-tendenza-pulidos\\\/\"},\"wordCount\":823,\"commentCount\":0,\"publisher\":{\"@id\":\"https:\\\/\\\/empatiacomunidad.com\\\/#organization\"},\"image\":{\"@id\":\"https:\\\/\\\/empatiacomunidad.com\\\/se-lanzo-la-nueva-coleccion-de-pisos-y-revestimientos-tendenza-pulidos\\\/#primaryimage\"},\"thumbnailUrl\":\"https:\\\/\\\/empatiacomunidad.com\\\/wp-content\\\/uploads\\\/2023\\\/10\\\/WhatsApp-Image-2023-10-02-at-11.40.35.jpeg\",\"keywords\":[\"Colecci\u00f3n\",\"Nueva\",\"pisos\",\"pulidos\",\"revestimientos\",\"Tendenza\"],\"articleSection\":[\"Eventos\",\"Novedades\"],\"inLanguage\":\"pt-BR\",\"potentialAction\":[{\"@type\":\"CommentAction\",\"name\":\"Comment\",\"target\":[\"https:\\\/\\\/empatiacomunidad.com\\\/se-lanzo-la-nueva-coleccion-de-pisos-y-revestimientos-tendenza-pulidos\\\/#respond\"]}]},{\"@type\":\"WebPage\",\"@id\":\"https:\\\/\\\/empatiacomunidad.com\\\/se-lanzo-la-nueva-coleccion-de-pisos-y-revestimientos-tendenza-pulidos\\\/\",\"url\":\"https:\\\/\\\/empatiacomunidad.com\\\/se-lanzo-la-nueva-coleccion-de-pisos-y-revestimientos-tendenza-pulidos\\\/\",\"name\":\"Se lanz\u00f3 la nueva colecci\u00f3n de pisos y revestimientos TENDENZA PULIDOS - Empat\u00eda Comunidad\",\"isPartOf\":{\"@id\":\"https:\\\/\\\/empatiacomunidad.com\\\/#website\"},\"primaryImageOfPage\":{\"@id\":\"https:\\\/\\\/empatiacomunidad.com\\\/se-lanzo-la-nueva-coleccion-de-pisos-y-revestimientos-tendenza-pulidos\\\/#primaryimage\"},\"image\":{\"@id\":\"https:\\\/\\\/empatiacomunidad.com\\\/se-lanzo-la-nueva-coleccion-de-pisos-y-revestimientos-tendenza-pulidos\\\/#primaryimage\"},\"thumbnailUrl\":\"https:\\\/\\\/empatiacomunidad.com\\\/wp-content\\\/uploads\\\/2023\\\/10\\\/WhatsApp-Image-2023-10-02-at-11.40.35.jpeg\",\"datePublished\":\"2023-10-18T16:58:45+00:00\",\"breadcrumb\":{\"@id\":\"https:\\\/\\\/empatiacomunidad.com\\\/se-lanzo-la-nueva-coleccion-de-pisos-y-revestimientos-tendenza-pulidos\\\/#breadcrumb\"},\"inLanguage\":\"pt-BR\",\"potentialAction\":[{\"@type\":\"ReadAction\",\"target\":[\"https:\\\/\\\/empatiacomunidad.com\\\/se-lanzo-la-nueva-coleccion-de-pisos-y-revestimientos-tendenza-pulidos\\\/\"]}]},{\"@type\":\"ImageObject\",\"inLanguage\":\"pt-BR\",\"@id\":\"https:\\\/\\\/empatiacomunidad.com\\\/se-lanzo-la-nueva-coleccion-de-pisos-y-revestimientos-tendenza-pulidos\\\/#primaryimage\",\"url\":\"https:\\\/\\\/empatiacomunidad.com\\\/wp-content\\\/uploads\\\/2023\\\/10\\\/WhatsApp-Image-2023-10-02-at-11.40.35.jpeg\",\"contentUrl\":\"https:\\\/\\\/empatiacomunidad.com\\\/wp-content\\\/uploads\\\/2023\\\/10\\\/WhatsApp-Image-2023-10-02-at-11.40.35.jpeg\",\"width\":1600,\"height\":1200},{\"@type\":\"BreadcrumbList\",\"@id\":\"https:\\\/\\\/empatiacomunidad.com\\\/se-lanzo-la-nueva-coleccion-de-pisos-y-revestimientos-tendenza-pulidos\\\/#breadcrumb\",\"itemListElement\":[{\"@type\":\"ListItem\",\"position\":1,\"name\":\"Inicio\",\"item\":\"https:\\\/\\\/empatiacomunidad.com\\\/\"},{\"@type\":\"ListItem\",\"position\":2,\"name\":\"Se lanz\u00f3 la nueva colecci\u00f3n de pisos y revestimientos TENDENZA PULIDOS\"}]},{\"@type\":\"WebSite\",\"@id\":\"https:\\\/\\\/empatiacomunidad.com\\\/#website\",\"url\":\"https:\\\/\\\/empatiacomunidad.com\\\/\",\"name\":\"Empat\u00eda Comunidad\",\"description\":\"Soluciones de valor\",\"publisher\":{\"@id\":\"https:\\\/\\\/empatiacomunidad.com\\\/#organization\"},\"potentialAction\":[{\"@type\":\"SearchAction\",\"target\":{\"@type\":\"EntryPoint\",\"urlTemplate\":\"https:\\\/\\\/empatiacomunidad.com\\\/?s={search_term_string}\"},\"query-input\":{\"@type\":\"PropertyValueSpecification\",\"valueRequired\":true,\"valueName\":\"search_term_string\"}}],\"inLanguage\":\"pt-BR\"},{\"@type\":\"Organization\",\"@id\":\"https:\\\/\\\/empatiacomunidad.com\\\/#organization\",\"name\":\"Empat\u00eda Comunidad\",\"url\":\"https:\\\/\\\/empatiacomunidad.com\\\/\",\"logo\":{\"@type\":\"ImageObject\",\"inLanguage\":\"pt-BR\",\"@id\":\"https:\\\/\\\/empatiacomunidad.com\\\/#\\\/schema\\\/logo\\\/image\\\/\",\"url\":\"https:\\\/\\\/empatiacomunidad.com\\\/wp-content\\\/uploads\\\/2025\\\/10\\\/Logo-Empatia-Negro.svg\",\"contentUrl\":\"https:\\\/\\\/empatiacomunidad.com\\\/wp-content\\\/uploads\\\/2025\\\/10\\\/Logo-Empatia-Negro.svg\",\"width\":1096,\"height\":273,\"caption\":\"Empat\u00eda Comunidad\"},\"image\":{\"@id\":\"https:\\\/\\\/empatiacomunidad.com\\\/#\\\/schema\\\/logo\\\/image\\\/\"},\"sameAs\":[\"https:\\\/\\\/www.facebook.com\\\/Empatia.Comunidad\\\/\",\"https:\\\/\\\/x.com\\\/Empatia_comu\",\"https:\\\/\\\/www.instagram.com\\\/empatiacomunidad\\\/\",\"https:\\\/\\\/www.linkedin.com\\\/company\\\/1381791\\\/admin\\\/dashboard\\\/\",\"https:\\\/\\\/www.youtube.com\\\/channel\\\/UCF1LaQP8NqawOMXArRClGSQ?view_as=subscriber\",\"https:\\\/\\\/open.spotify.com\\\/episode\\\/5yzhSrOdzWfFu09ej3ySQ6?si=0Im7XIKrTFGDdW4YLm_-wA&nd=1&dlsi=5410931594894d10\"]},{\"@type\":\"Person\",\"@id\":\"https:\\\/\\\/empatiacomunidad.com\\\/#\\\/schema\\\/person\\\/3330c2449c83d410be1a3ba095cf79ff\",\"name\":\"claudia_armesto\",\"url\":\"https:\\\/\\\/empatiacomunidad.com\\\/pt\\\/author\\\/claudia_armesto\\\/\"}]}<\/script>\n<!-- \/ Yoast SEO plugin. -->","yoast_head_json":{"title":"Se lanz\u00f3 la nueva colecci\u00f3n de pisos y revestimientos TENDENZA PULIDOS - Empat\u00eda Comunidad","robots":{"index":"index","follow":"follow","max-snippet":"max-snippet:-1","max-image-preview":"max-image-preview:large","max-video-preview":"max-video-preview:-1"},"canonical":"https:\/\/empatiacomunidad.com\/pt\/se-lanzo-la-nueva-coleccion-de-pisos-y-revestimientos-tendenza-pulidos\/","og_locale":"pt_BR","og_type":"article","og_title":"Se lanz\u00f3 la nueva colecci\u00f3n de pisos y revestimientos TENDENZA PULIDOS - Empat\u00eda Comunidad","og_description":"Con la incorporaci\u00f3n de tecnolog\u00eda de \u00faltima generaci\u00f3n europea, Tendenza lanza su nueva l\u00ednea de pisos y revestimientos pulidos que revolucionan el mercado del interiorismo desde la calidad y el acabado internacional del pulido como tambi\u00e9n en la propuesta de dise\u00f1o y gama de colores.","og_url":"https:\/\/empatiacomunidad.com\/pt\/se-lanzo-la-nueva-coleccion-de-pisos-y-revestimientos-tendenza-pulidos\/","og_site_name":"Empat\u00eda Comunidad","article_publisher":"https:\/\/www.facebook.com\/Empatia.Comunidad\/","article_published_time":"2023-10-18T16:58:45+00:00","og_image":[{"width":1600,"height":1200,"url":"https:\/\/empatiacomunidad.com\/wp-content\/uploads\/2023\/10\/WhatsApp-Image-2023-10-02-at-11.40.35.jpeg","type":"image\/jpeg"}],"author":"claudia_armesto","twitter_card":"summary_large_image","twitter_creator":"@Empatia_comu","twitter_site":"@Empatia_comu","twitter_misc":{"Escrito por":"claudia_armesto","Est. tempo de leitura":"4 minutos"},"schema":{"@context":"https:\/\/schema.org","@graph":[{"@type":"Article","@id":"https:\/\/empatiacomunidad.com\/se-lanzo-la-nueva-coleccion-de-pisos-y-revestimientos-tendenza-pulidos\/#article","isPartOf":{"@id":"https:\/\/empatiacomunidad.com\/se-lanzo-la-nueva-coleccion-de-pisos-y-revestimientos-tendenza-pulidos\/"},"author":{"name":"claudia_armesto","@id":"https:\/\/empatiacomunidad.com\/#\/schema\/person\/3330c2449c83d410be1a3ba095cf79ff"},"headline":"Se lanz\u00f3 la nueva colecci\u00f3n de pisos y revestimientos TENDENZA PULIDOS","datePublished":"2023-10-18T16:58:45+00:00","mainEntityOfPage":{"@id":"https:\/\/empatiacomunidad.com\/se-lanzo-la-nueva-coleccion-de-pisos-y-revestimientos-tendenza-pulidos\/"},"wordCount":823,"commentCount":0,"publisher":{"@id":"https:\/\/empatiacomunidad.com\/#organization"},"image":{"@id":"https:\/\/empatiacomunidad.com\/se-lanzo-la-nueva-coleccion-de-pisos-y-revestimientos-tendenza-pulidos\/#primaryimage"},"thumbnailUrl":"https:\/\/empatiacomunidad.com\/wp-content\/uploads\/2023\/10\/WhatsApp-Image-2023-10-02-at-11.40.35.jpeg","keywords":["Colecci\u00f3n","Nueva","pisos","pulidos","revestimientos","Tendenza"],"articleSection":["Eventos","Novedades"],"inLanguage":"pt-BR","potentialAction":[{"@type":"CommentAction","name":"Comment","target":["https:\/\/empatiacomunidad.com\/se-lanzo-la-nueva-coleccion-de-pisos-y-revestimientos-tendenza-pulidos\/#respond"]}]},{"@type":"WebPage","@id":"https:\/\/empatiacomunidad.com\/se-lanzo-la-nueva-coleccion-de-pisos-y-revestimientos-tendenza-pulidos\/","url":"https:\/\/empatiacomunidad.com\/se-lanzo-la-nueva-coleccion-de-pisos-y-revestimientos-tendenza-pulidos\/","name":"Se lanz\u00f3 la nueva colecci\u00f3n de pisos y revestimientos TENDENZA PULIDOS - Empat\u00eda Comunidad","isPartOf":{"@id":"https:\/\/empatiacomunidad.com\/#website"},"primaryImageOfPage":{"@id":"https:\/\/empatiacomunidad.com\/se-lanzo-la-nueva-coleccion-de-pisos-y-revestimientos-tendenza-pulidos\/#primaryimage"},"image":{"@id":"https:\/\/empatiacomunidad.com\/se-lanzo-la-nueva-coleccion-de-pisos-y-revestimientos-tendenza-pulidos\/#primaryimage"},"thumbnailUrl":"https:\/\/empatiacomunidad.com\/wp-content\/uploads\/2023\/10\/WhatsApp-Image-2023-10-02-at-11.40.35.jpeg","datePublished":"2023-10-18T16:58:45+00:00","breadcrumb":{"@id":"https:\/\/empatiacomunidad.com\/se-lanzo-la-nueva-coleccion-de-pisos-y-revestimientos-tendenza-pulidos\/#breadcrumb"},"inLanguage":"pt-BR","potentialAction":[{"@type":"ReadAction","target":["https:\/\/empatiacomunidad.com\/se-lanzo-la-nueva-coleccion-de-pisos-y-revestimientos-tendenza-pulidos\/"]}]},{"@type":"ImageObject","inLanguage":"pt-BR","@id":"https:\/\/empatiacomunidad.com\/se-lanzo-la-nueva-coleccion-de-pisos-y-revestimientos-tendenza-pulidos\/#primaryimage","url":"https:\/\/empatiacomunidad.com\/wp-content\/uploads\/2023\/10\/WhatsApp-Image-2023-10-02-at-11.40.35.jpeg","contentUrl":"https:\/\/empatiacomunidad.com\/wp-content\/uploads\/2023\/10\/WhatsApp-Image-2023-10-02-at-11.40.35.jpeg","width":1600,"height":1200},{"@type":"BreadcrumbList","@id":"https:\/\/empatiacomunidad.com\/se-lanzo-la-nueva-coleccion-de-pisos-y-revestimientos-tendenza-pulidos\/#breadcrumb","itemListElement":[{"@type":"ListItem","position":1,"name":"Inicio","item":"https:\/\/empatiacomunidad.com\/"},{"@type":"ListItem","position":2,"name":"Se lanz\u00f3 la nueva colecci\u00f3n de pisos y revestimientos TENDENZA PULIDOS"}]},{"@type":"WebSite","@id":"https:\/\/empatiacomunidad.com\/#website","url":"https:\/\/empatiacomunidad.com\/","name":"Comunidade de empatia","description":"Solu\u00e7\u00f5es de valor","publisher":{"@id":"https:\/\/empatiacomunidad.com\/#organization"},"potentialAction":[{"@type":"SearchAction","target":{"@type":"EntryPoint","urlTemplate":"https:\/\/empatiacomunidad.com\/?s={search_term_string}"},"query-input":{"@type":"PropertyValueSpecification","valueRequired":true,"valueName":"search_term_string"}}],"inLanguage":"pt-BR"},{"@type":"Organization","@id":"https:\/\/empatiacomunidad.com\/#organization","name":"Comunidade de empatia","url":"https:\/\/empatiacomunidad.com\/","logo":{"@type":"ImageObject","inLanguage":"pt-BR","@id":"https:\/\/empatiacomunidad.com\/#\/schema\/logo\/image\/","url":"https:\/\/empatiacomunidad.com\/wp-content\/uploads\/2025\/10\/Logo-Empatia-Negro.svg","contentUrl":"https:\/\/empatiacomunidad.com\/wp-content\/uploads\/2025\/10\/Logo-Empatia-Negro.svg","width":1096,"height":273,"caption":"Empat\u00eda Comunidad"},"image":{"@id":"https:\/\/empatiacomunidad.com\/#\/schema\/logo\/image\/"},"sameAs":["https:\/\/www.facebook.com\/Empatia.Comunidad\/","https:\/\/x.com\/Empatia_comu","https:\/\/www.instagram.com\/empatiacomunidad\/","https:\/\/www.linkedin.com\/company\/1381791\/admin\/dashboard\/","https:\/\/www.youtube.com\/channel\/UCF1LaQP8NqawOMXArRClGSQ?view_as=subscriber","https:\/\/open.spotify.com\/episode\/5yzhSrOdzWfFu09ej3ySQ6?si=0Im7XIKrTFGDdW4YLm_-wA&nd=1&dlsi=5410931594894d10"]},{"@type":"Person","@id":"https:\/\/empatiacomunidad.com\/#\/schema\/person\/3330c2449c83d410be1a3ba095cf79ff","name":"claudia_armesto","url":"https:\/\/empatiacomunidad.com\/pt\/author\/claudia_armesto\/"}]}},"_links":{"self":[{"href":"https:\/\/empatiacomunidad.com\/pt\/wp-json\/wp\/v2\/posts\/6526","targetHints":{"allow":["GET"]}}],"collection":[{"href":"https:\/\/empatiacomunidad.com\/pt\/wp-json\/wp\/v2\/posts"}],"about":[{"href":"https:\/\/empatiacomunidad.com\/pt\/wp-json\/wp\/v2\/types\/post"}],"author":[{"embeddable":true,"href":"https:\/\/empatiacomunidad.com\/pt\/wp-json\/wp\/v2\/users\/2"}],"replies":[{"embeddable":true,"href":"https:\/\/empatiacomunidad.com\/pt\/wp-json\/wp\/v2\/comments?post=6526"}],"version-history":[{"count":0,"href":"https:\/\/empatiacomunidad.com\/pt\/wp-json\/wp\/v2\/posts\/6526\/revisions"}],"wp:featuredmedia":[{"embeddable":true,"href":"https:\/\/empatiacomunidad.com\/pt\/wp-json\/wp\/v2\/media\/5918"}],"wp:attachment":[{"href":"https:\/\/empatiacomunidad.com\/pt\/wp-json\/wp\/v2\/media?parent=6526"}],"wp:term":[{"taxonomy":"category","embeddable":true,"href":"https:\/\/empatiacomunidad.com\/pt\/wp-json\/wp\/v2\/categories?post=6526"},{"taxonomy":"post_tag","embeddable":true,"href":"https:\/\/empatiacomunidad.com\/pt\/wp-json\/wp\/v2\/tags?post=6526"}],"curies":[{"name":"wp","href":"https:\/\/api.w.org\/{rel}","templated":true}]}}