{"id":6520,"date":"2019-05-01T16:23:00","date_gmt":"2019-05-01T19:23:00","guid":{"rendered":"http:\/\/empatiacomunidad.com.ar\/?p=608"},"modified":"2019-05-01T16:23:00","modified_gmt":"2019-05-01T19:23:00","slug":"raghsa-celebra-el-dia-mundial-del-reciclaje","status":"publish","type":"post","link":"https:\/\/empatiacomunidad.com\/pt\/raghsa-celebra-el-dia-mundial-del-reciclaje\/","title":{"rendered":"RAGHSA celebra el d\u00eda mundial del reciclaje"},"content":{"rendered":"<p><em>El 17 de mayo es el d\u00eda mundial del reciclaje y, mediante la recolecci\u00f3n de chatarra el\u00e9ctrica, electr\u00f3nica, pilas, toners y cartuchos de tinta, la desarrolladora busca concientizar sobre la importancia de esta acci\u00f3n y contribuir con el cuidado del medioambiente.<\/em><\/p>\n\n\n\n<p>En el tercer a\u00f1o de su programa de responsabilidad social empresaria \u201cLegado\u201d, RAGHSA tiene el fin de promover una cultura sustentable a trav\u00e9s de su programa \u201csolidaridad circular\u201d. Para eso, junto a la Agencia de Protecci\u00f3n Ambiental (APRA), se recolectar\u00e1n residuos el\u00e9ctricos, electr\u00f3nicos, pilas, toners y cartuchos de tinta desde el viernes 17 al viernes 24 de mayo en sus edificios corporativos: Edificio Plaza San Mart\u00edn, 344 San Mart\u00edn, Madero Office, 955 Belgrano Office y Madero Riverside. En todos se difundir\u00e1 la acci\u00f3n para una mayor llegada.<\/p>\n\n\n\n<p>Todos los objetivos del plan de RSE de RAGHSA est\u00e1n alineados con los Objetivos de Desarrollo Sostenible de la Organizaci\u00f3n de las Naciones Unidas (ONU). En este caso, los que se ponen en juego son la acci\u00f3n por el clima, las ciudades y comunidades sostenibles, la b\u00fasqueda de agua limpia y saneamientos y la energ\u00eda no contaminante.<\/p>\n\n\n\n<p>El d\u00eda mundial del reciclaje fue declarado por La Organizaci\u00f3n de las Naciones Unidas para la Educaci\u00f3n, la Ciencia y la Cultura (UNESCO) como una oportunidad para recordar y promover la estrategia de reducir, reutilizar y reciclar con el fin de reorientar el comportamiento de todos los ciudadanos para mejorar y cuidar el medioambiente.<\/p>\n\n\n\n<p>Para ver el video que se difundir\u00e1, haga click&nbsp;<a href=\"https:\/\/www.youtube.com\/watch?v=DYItc8I0FHU&amp;feature=youtu.be\">aqui<\/a><\/p>\n\n\n\n<p><strong>Acerca de RAGHSA<\/strong><\/p>\n\n\n\n<p>RAGHSA es una compa\u00f1\u00eda con 49 a\u00f1os de trayectoria dedicada al desarrollo de bienes ra\u00edces, especialmente a la construcci\u00f3n de oficinas premium y residencias de alta gama. Sus emprendimientos se caracterizan por la calidad, el dise\u00f1o, la seguridad y por contar con tecnolog\u00eda de vanguardia. Adem\u00e1s, su pol\u00edtica corporativa est\u00e1 fuertemente comprometida con el cuidado ambiental, hecho que se refleja en la construcci\u00f3n de edificios certificados bajo normas LEED (<em>Leadership in Energy &amp; Environmental Design<\/em>), dise\u00f1ados para minimizar el impacto sobre los recursos naturales y el entorno en general. Algunos de los edificios desarrollados por la empresa son: Edificio Plaza San Mart\u00edn (35000 m<sup>2<\/sup>); 344 San Mart\u00edn (48000 m<sup>2<\/sup>); Le Parc Residencial Tower (71500 m<sup>2<\/sup>), Le Parc de Puerto Madero (86400 m<sup>2<\/sup>), Le Parc Alcorta (79600 m<sup>2<\/sup>); Madero Office (63000 m<sup>2<\/sup>), 955 Belgrano Office (52000 m<sup>2<\/sup>), Madero Riverside (28000 m<sup>2<\/sup>) y Centro Empresarial Libertador (100000 m<sup>2<\/sup>).<br><\/p>","protected":false},"excerpt":{"rendered":"<p>El 17 de mayo es el d\u00eda mundial del reciclaje y, mediante la recolecci\u00f3n de chatarra el\u00e9ctrica, electr\u00f3nica, pilas, toners y cartuchos de tinta, la desarrolladora busca concientizar sobre la importancia de esta acci\u00f3n y contribuir con el cuidado del medioambiente.<\/p>","protected":false},"author":2,"featured_media":5800,"comment_status":"open","ping_status":"open","sticky":false,"template":"","format":"standard","meta":{"footnotes":""},"categories":[240],"tags":[],"class_list":["post-6520","post","type-post","status-publish","format-standard","has-post-thumbnail","hentry","category-eventos"],"yoast_head":"<!-- This site is optimized with the Yoast SEO plugin v27.4 - https:\/\/yoast.com\/product\/yoast-seo-wordpress\/ -->\n<title>RAGHSA celebra el d\u00eda mundial del reciclaje - Empat\u00eda Comunidad<\/title>\n<meta name=\"robots\" content=\"index, follow, max-snippet:-1, max-image-preview:large, max-video-preview:-1\" \/>\n<link rel=\"canonical\" href=\"https:\/\/empatiacomunidad.com\/pt\/raghsa-celebra-el-dia-mundial-del-reciclaje\/\" \/>\n<meta property=\"og:locale\" content=\"pt_BR\" \/>\n<meta property=\"og:type\" content=\"article\" \/>\n<meta property=\"og:title\" content=\"RAGHSA celebra el d\u00eda mundial del reciclaje - Empat\u00eda Comunidad\" \/>\n<meta property=\"og:description\" content=\"El 17 de mayo es el d\u00eda mundial del reciclaje y, mediante la recolecci\u00f3n de chatarra el\u00e9ctrica, electr\u00f3nica, pilas, toners y cartuchos de tinta, la desarrolladora busca concientizar sobre la importancia de esta acci\u00f3n y contribuir con el cuidado del medioambiente.\" \/>\n<meta property=\"og:url\" content=\"https:\/\/empatiacomunidad.com\/pt\/raghsa-celebra-el-dia-mundial-del-reciclaje\/\" \/>\n<meta property=\"og:site_name\" content=\"Empat\u00eda Comunidad\" \/>\n<meta property=\"article:publisher\" content=\"https:\/\/www.facebook.com\/Empatia.Comunidad\/\" \/>\n<meta property=\"article:published_time\" content=\"2019-05-01T19:23:00+00:00\" \/>\n<meta property=\"og:image\" content=\"https:\/\/empatiacomunidad.com\/wp-content\/uploads\/2020\/03\/LegadoRAGHSA-Reciclado-1024x1024-1.jpg\" \/>\n\t<meta property=\"og:image:width\" content=\"1024\" \/>\n\t<meta property=\"og:image:height\" content=\"1024\" \/>\n\t<meta property=\"og:image:type\" content=\"image\/jpeg\" \/>\n<meta name=\"author\" content=\"claudia_armesto\" \/>\n<meta name=\"twitter:card\" content=\"summary_large_image\" \/>\n<meta name=\"twitter:creator\" content=\"@Empatia_comu\" \/>\n<meta name=\"twitter:site\" content=\"@Empatia_comu\" \/>\n<meta name=\"twitter:label1\" content=\"Escrito por\" \/>\n\t<meta name=\"twitter:data1\" content=\"claudia_armesto\" \/>\n\t<meta name=\"twitter:label2\" content=\"Est. tempo de leitura\" \/>\n\t<meta name=\"twitter:data2\" content=\"2 minutos\" \/>\n<script type=\"application\/ld+json\" class=\"yoast-schema-graph\">{\"@context\":\"https:\\\/\\\/schema.org\",\"@graph\":[{\"@type\":\"Article\",\"@id\":\"https:\\\/\\\/empatiacomunidad.com\\\/raghsa-celebra-el-dia-mundial-del-reciclaje\\\/#article\",\"isPartOf\":{\"@id\":\"https:\\\/\\\/empatiacomunidad.com\\\/raghsa-celebra-el-dia-mundial-del-reciclaje\\\/\"},\"author\":{\"name\":\"claudia_armesto\",\"@id\":\"https:\\\/\\\/empatiacomunidad.com\\\/#\\\/schema\\\/person\\\/3330c2449c83d410be1a3ba095cf79ff\"},\"headline\":\"RAGHSA celebra el d\u00eda mundial del reciclaje\",\"datePublished\":\"2019-05-01T19:23:00+00:00\",\"mainEntityOfPage\":{\"@id\":\"https:\\\/\\\/empatiacomunidad.com\\\/raghsa-celebra-el-dia-mundial-del-reciclaje\\\/\"},\"wordCount\":424,\"commentCount\":0,\"publisher\":{\"@id\":\"https:\\\/\\\/empatiacomunidad.com\\\/#organization\"},\"image\":{\"@id\":\"https:\\\/\\\/empatiacomunidad.com\\\/raghsa-celebra-el-dia-mundial-del-reciclaje\\\/#primaryimage\"},\"thumbnailUrl\":\"https:\\\/\\\/empatiacomunidad.com\\\/wp-content\\\/uploads\\\/2020\\\/03\\\/LegadoRAGHSA-Reciclado-1024x1024-1.jpg\",\"articleSection\":[\"Eventos\"],\"inLanguage\":\"pt-BR\",\"potentialAction\":[{\"@type\":\"CommentAction\",\"name\":\"Comment\",\"target\":[\"https:\\\/\\\/empatiacomunidad.com\\\/raghsa-celebra-el-dia-mundial-del-reciclaje\\\/#respond\"]}]},{\"@type\":\"WebPage\",\"@id\":\"https:\\\/\\\/empatiacomunidad.com\\\/raghsa-celebra-el-dia-mundial-del-reciclaje\\\/\",\"url\":\"https:\\\/\\\/empatiacomunidad.com\\\/raghsa-celebra-el-dia-mundial-del-reciclaje\\\/\",\"name\":\"RAGHSA celebra el d\u00eda mundial del reciclaje - Empat\u00eda Comunidad\",\"isPartOf\":{\"@id\":\"https:\\\/\\\/empatiacomunidad.com\\\/#website\"},\"primaryImageOfPage\":{\"@id\":\"https:\\\/\\\/empatiacomunidad.com\\\/raghsa-celebra-el-dia-mundial-del-reciclaje\\\/#primaryimage\"},\"image\":{\"@id\":\"https:\\\/\\\/empatiacomunidad.com\\\/raghsa-celebra-el-dia-mundial-del-reciclaje\\\/#primaryimage\"},\"thumbnailUrl\":\"https:\\\/\\\/empatiacomunidad.com\\\/wp-content\\\/uploads\\\/2020\\\/03\\\/LegadoRAGHSA-Reciclado-1024x1024-1.jpg\",\"datePublished\":\"2019-05-01T19:23:00+00:00\",\"breadcrumb\":{\"@id\":\"https:\\\/\\\/empatiacomunidad.com\\\/raghsa-celebra-el-dia-mundial-del-reciclaje\\\/#breadcrumb\"},\"inLanguage\":\"pt-BR\",\"potentialAction\":[{\"@type\":\"ReadAction\",\"target\":[\"https:\\\/\\\/empatiacomunidad.com\\\/raghsa-celebra-el-dia-mundial-del-reciclaje\\\/\"]}]},{\"@type\":\"ImageObject\",\"inLanguage\":\"pt-BR\",\"@id\":\"https:\\\/\\\/empatiacomunidad.com\\\/raghsa-celebra-el-dia-mundial-del-reciclaje\\\/#primaryimage\",\"url\":\"https:\\\/\\\/empatiacomunidad.com\\\/wp-content\\\/uploads\\\/2020\\\/03\\\/LegadoRAGHSA-Reciclado-1024x1024-1.jpg\",\"contentUrl\":\"https:\\\/\\\/empatiacomunidad.com\\\/wp-content\\\/uploads\\\/2020\\\/03\\\/LegadoRAGHSA-Reciclado-1024x1024-1.jpg\",\"width\":1024,\"height\":1024},{\"@type\":\"BreadcrumbList\",\"@id\":\"https:\\\/\\\/empatiacomunidad.com\\\/raghsa-celebra-el-dia-mundial-del-reciclaje\\\/#breadcrumb\",\"itemListElement\":[{\"@type\":\"ListItem\",\"position\":1,\"name\":\"Inicio\",\"item\":\"https:\\\/\\\/empatiacomunidad.com\\\/\"},{\"@type\":\"ListItem\",\"position\":2,\"name\":\"RAGHSA celebra el d\u00eda mundial del reciclaje\"}]},{\"@type\":\"WebSite\",\"@id\":\"https:\\\/\\\/empatiacomunidad.com\\\/#website\",\"url\":\"https:\\\/\\\/empatiacomunidad.com\\\/\",\"name\":\"Empat\u00eda Comunidad\",\"description\":\"Soluciones de valor\",\"publisher\":{\"@id\":\"https:\\\/\\\/empatiacomunidad.com\\\/#organization\"},\"potentialAction\":[{\"@type\":\"SearchAction\",\"target\":{\"@type\":\"EntryPoint\",\"urlTemplate\":\"https:\\\/\\\/empatiacomunidad.com\\\/?s={search_term_string}\"},\"query-input\":{\"@type\":\"PropertyValueSpecification\",\"valueRequired\":true,\"valueName\":\"search_term_string\"}}],\"inLanguage\":\"pt-BR\"},{\"@type\":\"Organization\",\"@id\":\"https:\\\/\\\/empatiacomunidad.com\\\/#organization\",\"name\":\"Empat\u00eda Comunidad\",\"url\":\"https:\\\/\\\/empatiacomunidad.com\\\/\",\"logo\":{\"@type\":\"ImageObject\",\"inLanguage\":\"pt-BR\",\"@id\":\"https:\\\/\\\/empatiacomunidad.com\\\/#\\\/schema\\\/logo\\\/image\\\/\",\"url\":\"https:\\\/\\\/empatiacomunidad.com\\\/wp-content\\\/uploads\\\/2025\\\/10\\\/Logo-Empatia-Negro.svg\",\"contentUrl\":\"https:\\\/\\\/empatiacomunidad.com\\\/wp-content\\\/uploads\\\/2025\\\/10\\\/Logo-Empatia-Negro.svg\",\"width\":1096,\"height\":273,\"caption\":\"Empat\u00eda Comunidad\"},\"image\":{\"@id\":\"https:\\\/\\\/empatiacomunidad.com\\\/#\\\/schema\\\/logo\\\/image\\\/\"},\"sameAs\":[\"https:\\\/\\\/www.facebook.com\\\/Empatia.Comunidad\\\/\",\"https:\\\/\\\/x.com\\\/Empatia_comu\",\"https:\\\/\\\/www.instagram.com\\\/empatiacomunidad\\\/\",\"https:\\\/\\\/www.linkedin.com\\\/company\\\/1381791\\\/admin\\\/dashboard\\\/\",\"https:\\\/\\\/www.youtube.com\\\/channel\\\/UCF1LaQP8NqawOMXArRClGSQ?view_as=subscriber\",\"https:\\\/\\\/open.spotify.com\\\/episode\\\/5yzhSrOdzWfFu09ej3ySQ6?si=0Im7XIKrTFGDdW4YLm_-wA&nd=1&dlsi=5410931594894d10\"]},{\"@type\":\"Person\",\"@id\":\"https:\\\/\\\/empatiacomunidad.com\\\/#\\\/schema\\\/person\\\/3330c2449c83d410be1a3ba095cf79ff\",\"name\":\"claudia_armesto\",\"url\":\"https:\\\/\\\/empatiacomunidad.com\\\/pt\\\/author\\\/claudia_armesto\\\/\"}]}<\/script>\n<!-- \/ Yoast SEO plugin. -->","yoast_head_json":{"title":"RAGHSA celebra el d\u00eda mundial del reciclaje - Empat\u00eda Comunidad","robots":{"index":"index","follow":"follow","max-snippet":"max-snippet:-1","max-image-preview":"max-image-preview:large","max-video-preview":"max-video-preview:-1"},"canonical":"https:\/\/empatiacomunidad.com\/pt\/raghsa-celebra-el-dia-mundial-del-reciclaje\/","og_locale":"pt_BR","og_type":"article","og_title":"RAGHSA celebra el d\u00eda mundial del reciclaje - Empat\u00eda Comunidad","og_description":"El 17 de mayo es el d\u00eda mundial del reciclaje y, mediante la recolecci\u00f3n de chatarra el\u00e9ctrica, electr\u00f3nica, pilas, toners y cartuchos de tinta, la desarrolladora busca concientizar sobre la importancia de esta acci\u00f3n y contribuir con el cuidado del medioambiente.","og_url":"https:\/\/empatiacomunidad.com\/pt\/raghsa-celebra-el-dia-mundial-del-reciclaje\/","og_site_name":"Empat\u00eda Comunidad","article_publisher":"https:\/\/www.facebook.com\/Empatia.Comunidad\/","article_published_time":"2019-05-01T19:23:00+00:00","og_image":[{"width":1024,"height":1024,"url":"https:\/\/empatiacomunidad.com\/wp-content\/uploads\/2020\/03\/LegadoRAGHSA-Reciclado-1024x1024-1.jpg","type":"image\/jpeg"}],"author":"claudia_armesto","twitter_card":"summary_large_image","twitter_creator":"@Empatia_comu","twitter_site":"@Empatia_comu","twitter_misc":{"Escrito por":"claudia_armesto","Est. tempo de leitura":"2 minutos"},"schema":{"@context":"https:\/\/schema.org","@graph":[{"@type":"Article","@id":"https:\/\/empatiacomunidad.com\/raghsa-celebra-el-dia-mundial-del-reciclaje\/#article","isPartOf":{"@id":"https:\/\/empatiacomunidad.com\/raghsa-celebra-el-dia-mundial-del-reciclaje\/"},"author":{"name":"claudia_armesto","@id":"https:\/\/empatiacomunidad.com\/#\/schema\/person\/3330c2449c83d410be1a3ba095cf79ff"},"headline":"RAGHSA celebra el d\u00eda mundial del reciclaje","datePublished":"2019-05-01T19:23:00+00:00","mainEntityOfPage":{"@id":"https:\/\/empatiacomunidad.com\/raghsa-celebra-el-dia-mundial-del-reciclaje\/"},"wordCount":424,"commentCount":0,"publisher":{"@id":"https:\/\/empatiacomunidad.com\/#organization"},"image":{"@id":"https:\/\/empatiacomunidad.com\/raghsa-celebra-el-dia-mundial-del-reciclaje\/#primaryimage"},"thumbnailUrl":"https:\/\/empatiacomunidad.com\/wp-content\/uploads\/2020\/03\/LegadoRAGHSA-Reciclado-1024x1024-1.jpg","articleSection":["Eventos"],"inLanguage":"pt-BR","potentialAction":[{"@type":"CommentAction","name":"Comment","target":["https:\/\/empatiacomunidad.com\/raghsa-celebra-el-dia-mundial-del-reciclaje\/#respond"]}]},{"@type":"WebPage","@id":"https:\/\/empatiacomunidad.com\/raghsa-celebra-el-dia-mundial-del-reciclaje\/","url":"https:\/\/empatiacomunidad.com\/raghsa-celebra-el-dia-mundial-del-reciclaje\/","name":"RAGHSA celebra el d\u00eda mundial del reciclaje - Empat\u00eda Comunidad","isPartOf":{"@id":"https:\/\/empatiacomunidad.com\/#website"},"primaryImageOfPage":{"@id":"https:\/\/empatiacomunidad.com\/raghsa-celebra-el-dia-mundial-del-reciclaje\/#primaryimage"},"image":{"@id":"https:\/\/empatiacomunidad.com\/raghsa-celebra-el-dia-mundial-del-reciclaje\/#primaryimage"},"thumbnailUrl":"https:\/\/empatiacomunidad.com\/wp-content\/uploads\/2020\/03\/LegadoRAGHSA-Reciclado-1024x1024-1.jpg","datePublished":"2019-05-01T19:23:00+00:00","breadcrumb":{"@id":"https:\/\/empatiacomunidad.com\/raghsa-celebra-el-dia-mundial-del-reciclaje\/#breadcrumb"},"inLanguage":"pt-BR","potentialAction":[{"@type":"ReadAction","target":["https:\/\/empatiacomunidad.com\/raghsa-celebra-el-dia-mundial-del-reciclaje\/"]}]},{"@type":"ImageObject","inLanguage":"pt-BR","@id":"https:\/\/empatiacomunidad.com\/raghsa-celebra-el-dia-mundial-del-reciclaje\/#primaryimage","url":"https:\/\/empatiacomunidad.com\/wp-content\/uploads\/2020\/03\/LegadoRAGHSA-Reciclado-1024x1024-1.jpg","contentUrl":"https:\/\/empatiacomunidad.com\/wp-content\/uploads\/2020\/03\/LegadoRAGHSA-Reciclado-1024x1024-1.jpg","width":1024,"height":1024},{"@type":"BreadcrumbList","@id":"https:\/\/empatiacomunidad.com\/raghsa-celebra-el-dia-mundial-del-reciclaje\/#breadcrumb","itemListElement":[{"@type":"ListItem","position":1,"name":"Inicio","item":"https:\/\/empatiacomunidad.com\/"},{"@type":"ListItem","position":2,"name":"RAGHSA celebra el d\u00eda mundial del reciclaje"}]},{"@type":"WebSite","@id":"https:\/\/empatiacomunidad.com\/#website","url":"https:\/\/empatiacomunidad.com\/","name":"Comunidade de empatia","description":"Solu\u00e7\u00f5es de valor","publisher":{"@id":"https:\/\/empatiacomunidad.com\/#organization"},"potentialAction":[{"@type":"SearchAction","target":{"@type":"EntryPoint","urlTemplate":"https:\/\/empatiacomunidad.com\/?s={search_term_string}"},"query-input":{"@type":"PropertyValueSpecification","valueRequired":true,"valueName":"search_term_string"}}],"inLanguage":"pt-BR"},{"@type":"Organization","@id":"https:\/\/empatiacomunidad.com\/#organization","name":"Comunidade de empatia","url":"https:\/\/empatiacomunidad.com\/","logo":{"@type":"ImageObject","inLanguage":"pt-BR","@id":"https:\/\/empatiacomunidad.com\/#\/schema\/logo\/image\/","url":"https:\/\/empatiacomunidad.com\/wp-content\/uploads\/2025\/10\/Logo-Empatia-Negro.svg","contentUrl":"https:\/\/empatiacomunidad.com\/wp-content\/uploads\/2025\/10\/Logo-Empatia-Negro.svg","width":1096,"height":273,"caption":"Empat\u00eda Comunidad"},"image":{"@id":"https:\/\/empatiacomunidad.com\/#\/schema\/logo\/image\/"},"sameAs":["https:\/\/www.facebook.com\/Empatia.Comunidad\/","https:\/\/x.com\/Empatia_comu","https:\/\/www.instagram.com\/empatiacomunidad\/","https:\/\/www.linkedin.com\/company\/1381791\/admin\/dashboard\/","https:\/\/www.youtube.com\/channel\/UCF1LaQP8NqawOMXArRClGSQ?view_as=subscriber","https:\/\/open.spotify.com\/episode\/5yzhSrOdzWfFu09ej3ySQ6?si=0Im7XIKrTFGDdW4YLm_-wA&nd=1&dlsi=5410931594894d10"]},{"@type":"Person","@id":"https:\/\/empatiacomunidad.com\/#\/schema\/person\/3330c2449c83d410be1a3ba095cf79ff","name":"claudia_armesto","url":"https:\/\/empatiacomunidad.com\/pt\/author\/claudia_armesto\/"}]}},"_links":{"self":[{"href":"https:\/\/empatiacomunidad.com\/pt\/wp-json\/wp\/v2\/posts\/6520","targetHints":{"allow":["GET"]}}],"collection":[{"href":"https:\/\/empatiacomunidad.com\/pt\/wp-json\/wp\/v2\/posts"}],"about":[{"href":"https:\/\/empatiacomunidad.com\/pt\/wp-json\/wp\/v2\/types\/post"}],"author":[{"embeddable":true,"href":"https:\/\/empatiacomunidad.com\/pt\/wp-json\/wp\/v2\/users\/2"}],"replies":[{"embeddable":true,"href":"https:\/\/empatiacomunidad.com\/pt\/wp-json\/wp\/v2\/comments?post=6520"}],"version-history":[{"count":0,"href":"https:\/\/empatiacomunidad.com\/pt\/wp-json\/wp\/v2\/posts\/6520\/revisions"}],"wp:featuredmedia":[{"embeddable":true,"href":"https:\/\/empatiacomunidad.com\/pt\/wp-json\/wp\/v2\/media\/5800"}],"wp:attachment":[{"href":"https:\/\/empatiacomunidad.com\/pt\/wp-json\/wp\/v2\/media?parent=6520"}],"wp:term":[{"taxonomy":"category","embeddable":true,"href":"https:\/\/empatiacomunidad.com\/pt\/wp-json\/wp\/v2\/categories?post=6520"},{"taxonomy":"post_tag","embeddable":true,"href":"https:\/\/empatiacomunidad.com\/pt\/wp-json\/wp\/v2\/tags?post=6520"}],"curies":[{"name":"wp","href":"https:\/\/api.w.org\/{rel}","templated":true}]}}