{"id":8252,"date":"2026-04-28T15:01:11","date_gmt":"2026-04-28T15:01:11","guid":{"rendered":"https:\/\/empatiacomunidad.com\/?p=8252"},"modified":"2026-04-28T15:01:12","modified_gmt":"2026-04-28T15:01:12","slug":"el-problema-no-es-el-trabajo-hibrido-es-el-liderazgo","status":"publish","type":"post","link":"https:\/\/empatiacomunidad.com\/es\/el-problema-no-es-el-trabajo-hibrido-es-el-liderazgo\/","title":{"rendered":"El problema no es el trabajo h\u00edbrido. Es el liderazgo"},"content":{"rendered":"\n<p>Por Claudia Armesto<\/p>\n\n\n\n<p><strong>El debate sobre el trabajo h\u00edbrido sigue abierto.<\/strong><strong><br><\/strong>Pero el problema no es la modalidad. Es el liderazgo.<\/p>\n\n\n\n<p>En muchas organizaciones se sigue discutiendo si el trabajo h\u00edbrido funciona, si afecta la productividad o si debilita la cultura. Sin embargo, el foco del problema parece estar desplazado. No es c\u00f3mo trabajan las personas lo que est\u00e1 en cuesti\u00f3n, sino desde qu\u00e9 modelo de liderazgo se las gestiona.<\/p>\n\n\n\n<p>Durante a\u00f1os, gran parte de las organizaciones oper\u00f3 bajo una l\u00f3gica impl\u00edcita: liderar era ver. Ver a las personas en su puesto, supervisar, controlar. La presencialidad sosten\u00eda ese esquema y lo volv\u00eda natural. En ese sentido, no es casual que muchas pr\u00e1cticas organizacionales se parezcan m\u00e1s a sistemas de vigilancia que a espacios de desarrollo. Ya en 1975, <strong>Michel Foucault <\/strong>analizaba en <em>Vigilar y castigar<\/em> c\u00f3mo las instituciones modernas se organizaban en torno a la observaci\u00f3n constante: ver para ordenar, ver para corregir, ver para disciplinar. Ese modelo, que parec\u00eda propio de otros contextos, sigue operando hoy en muchas organizaciones, muchas veces de forma silenciosa.<\/p>\n\n\n\n<p>El avance del trabajo h\u00edbrido y remoto no cre\u00f3 un problema nuevo. Lo que hizo fue dejar expuesta una dificultad estructural:<strong> la incapacidad de muchas organizaciones para sostener autonom\u00eda, confianza y responsabilidad sin supervisi\u00f3n constante<\/strong>.<\/p>\n\n\n\n<p>Cuando la presencia f\u00edsica deja de ser obligatoria, <strong>el control visual pierde centralidad.<\/strong> Y en ese punto se vuelve evidente qu\u00e9 es lo que realmente sostiene a una organizaci\u00f3n: la confianza, la claridad, la coherencia y el sentido.<\/p>\n\n\n\n<p>En los \u00faltimos meses, distintos informes coinciden en se\u00f1alar un fen\u00f3meno relevante: <strong>la vuelta a la presencialidad no necesariamente mejora la experiencia laboral. En muchos casos, el nivel de cansancio aumenta.<\/strong><\/p>\n\n\n\n<p>Pero ese cansancio no puede explicarse s\u00f3lo por la carga de trabajo ni por el tiempo de traslado. Hay un componente menos visible. No se trata solo de cu\u00e1nto se trabaja, sino de c\u00f3mo se vive ese trabajo.<\/p>\n\n\n\n<p><strong>Cuando se suman exigencias sin modificar la l\u00f3gica de liderazgo, aparece una tensi\u00f3n dif\u00edcil de sostener: se pide autonom\u00eda, pero se refuerza el control; se habla de confianza, pero se mide presencia; se promueve flexibilidad, pero se siguen valorando esquemas tradicionales.<\/strong><\/p>\n\n\n\n<p>Ese desajuste tiene consecuencias.<strong> El desgaste deja de ser solo operativo y se vuelve cultural.<\/strong><\/p>\n\n\n\n<p>No se puede construir una cultura de responsabilidad con herramientas de vigilancia. Tampoco es posible sostener discursos de transformaci\u00f3n si las pr\u00e1cticas siguen respondiendo a un modelo basado en el control.<\/p>\n\n\n\n<p>A esto se suma un desaf\u00edo que muchas organizaciones todav\u00eda no terminan de asumir: la autonom\u00eda no es un punto de partida, es una construcci\u00f3n.<\/p>\n\n\n\n<p>Durante a\u00f1os, los equipos trabajaron en sistemas donde el control organizaba el trabajo. En ese contexto, la autonom\u00eda no era una competencia necesaria. Hoy, en entornos h\u00edbridos, esa l\u00f3gica cambia.<\/p>\n\n\n\n<p><strong>La autonom\u00eda no es una cualidad individual.<\/strong><strong><br><\/strong><strong>Es una construcci\u00f3n organizacional.<\/strong><\/p>\n\n\n\n<p>Implica definir pautas claras, establecer objetivos concretos, construir criterios compartidos y acompa\u00f1ar a los equipos en ese proceso. Sin ese marco, la flexibilidad no genera mayor libertad, sino m\u00e1s incertidumbre.<\/p>\n\n\n\n<p>En paralelo, las transformaciones en el mundo del trabajo muestran un desplazamiento en los espacios laborales: las oficinas tradicionales pierden centralidad y dan lugar a formatos m\u00e1s flexibles, donde el encuentro, la colaboraci\u00f3n y la construcci\u00f3n de sentido reemplazan a la l\u00f3gica de control.<\/p>\n\n\n\n<p>En ese escenario, el liderazgo ya no puede basarse en la supervisi\u00f3n permanente, sino en la capacidad de orientar, dar claridad y sostener marcos que habiliten autonom\u00eda real.<\/p>\n\n\n\n<p>El trabajo h\u00edbrido, en este sentido, act\u00faa como un revelador. Expone si una organizaci\u00f3n realmente conf\u00eda o si funciona bien bajo supervisi\u00f3n, si el liderazgo se sostiene en la legitimidad o en la cercan\u00eda f\u00edsica, y si existe un prop\u00f3sito real o apenas una narrativa.<\/p>\n\n\n\n<p>Tambi\u00e9n obliga a revisar c\u00f3mo se construye la cultura. Durante a\u00f1os, la cultura organizacional se apoy\u00f3 en la presencialidad. Hoy, cuando ese escenario cambia, la cultura no desaparece: se vuelve m\u00e1s visible. Se expresa en las decisiones, en la comunicaci\u00f3n, en los v\u00ednculos y en los m\u00e1rgenes de autonom\u00eda que cada organizaci\u00f3n habilita.<\/p>\n\n\n\n<p>Frente a este escenario, el desaf\u00edo no es volver atr\u00e1s. Es aprender a liderar de otra manera.<\/p>\n\n\n\n<p><strong>Liderar en entornos h\u00edbridos implica desarrollar capacidades que hoy se vuelven centrales: claridad en la direcci\u00f3n, coherencia en las decisiones, escucha real y capacidad de lectura de contextos.<\/strong><\/p>\n\n\n\n<p>Implica, sobre todo, un cambio de l\u00f3gica: <strong>confiar sin ver<\/strong>. No como un gesto voluntarista, sino como una condici\u00f3n para que el sistema funcione.<\/p>\n\n\n\n<p>Porque cuando la presencia deja de ser el eje, lo que sostiene el trabajo no es la cercan\u00eda f\u00edsica. Es la calidad del v\u00ednculo.<\/p>\n\n\n\n<p><em>El problema no es el trabajo h\u00edbrido.<\/em><em><br><\/em><em>Es el liderazgo que todav\u00eda necesita ver para confiar.<\/em><\/p>\n","protected":false},"excerpt":{"rendered":"<p>No es c\u00f3mo trabajan las personas lo que est\u00e1 en cuesti\u00f3n, sino desde qu\u00e9 modelo de liderazgo se las gestiona.<\/p>\n","protected":false},"author":2,"featured_media":8253,"comment_status":"open","ping_status":"open","sticky":false,"template":"","format":"standard","meta":{"footnotes":""},"categories":[10],"tags":[593,12,13,432,624],"class_list":["post-8252","post","type-post","status-publish","format-standard","has-post-thumbnail","hentry","category-novedades","tag-593","tag-claudia-armesto","tag-comunicacion","tag-liderazgo","tag-trabajo-hibrido"],"yoast_head":"<!-- This site is optimized with the Yoast SEO plugin v27.4 - https:\/\/yoast.com\/product\/yoast-seo-wordpress\/ -->\n<title>El problema no es el trabajo h\u00edbrido. Es el liderazgo - Empat\u00eda Comunidad<\/title>\n<meta name=\"robots\" content=\"index, follow, max-snippet:-1, max-image-preview:large, max-video-preview:-1\" \/>\n<link rel=\"canonical\" href=\"https:\/\/empatiacomunidad.com\/es\/el-problema-no-es-el-trabajo-hibrido-es-el-liderazgo\/\" \/>\n<meta property=\"og:locale\" content=\"es_ES\" \/>\n<meta property=\"og:type\" content=\"article\" \/>\n<meta property=\"og:title\" content=\"El problema no es el trabajo h\u00edbrido. Es el liderazgo - Empat\u00eda Comunidad\" \/>\n<meta property=\"og:description\" content=\"No es c\u00f3mo trabajan las personas lo que est\u00e1 en cuesti\u00f3n, sino desde qu\u00e9 modelo de liderazgo se las gestiona.\" \/>\n<meta property=\"og:url\" content=\"https:\/\/empatiacomunidad.com\/es\/el-problema-no-es-el-trabajo-hibrido-es-el-liderazgo\/\" \/>\n<meta property=\"og:site_name\" content=\"Empat\u00eda Comunidad\" \/>\n<meta property=\"article:publisher\" content=\"https:\/\/www.facebook.com\/Empatia.Comunidad\/\" \/>\n<meta property=\"article:published_time\" content=\"2026-04-28T15:01:11+00:00\" \/>\n<meta property=\"article:modified_time\" content=\"2026-04-28T15:01:12+00:00\" \/>\n<meta property=\"og:image\" content=\"https:\/\/empatiacomunidad.com\/wp-content\/uploads\/2026\/04\/2-1024x685.png\" \/>\n\t<meta property=\"og:image:width\" content=\"1024\" \/>\n\t<meta property=\"og:image:height\" content=\"685\" \/>\n\t<meta property=\"og:image:type\" content=\"image\/png\" \/>\n<meta name=\"author\" content=\"claudia_armesto\" \/>\n<meta name=\"twitter:card\" content=\"summary_large_image\" \/>\n<meta name=\"twitter:creator\" content=\"@Empatia_comu\" \/>\n<meta name=\"twitter:site\" content=\"@Empatia_comu\" \/>\n<meta name=\"twitter:label1\" content=\"Escrito por\" \/>\n\t<meta name=\"twitter:data1\" content=\"claudia_armesto\" \/>\n\t<meta name=\"twitter:label2\" content=\"Tiempo de lectura\" \/>\n\t<meta name=\"twitter:data2\" content=\"4 minutos\" \/>\n<script type=\"application\/ld+json\" class=\"yoast-schema-graph\">{\"@context\":\"https:\\\/\\\/schema.org\",\"@graph\":[{\"@type\":\"Article\",\"@id\":\"https:\\\/\\\/empatiacomunidad.com\\\/el-problema-no-es-el-trabajo-hibrido-es-el-liderazgo\\\/#article\",\"isPartOf\":{\"@id\":\"https:\\\/\\\/empatiacomunidad.com\\\/el-problema-no-es-el-trabajo-hibrido-es-el-liderazgo\\\/\"},\"author\":{\"name\":\"claudia_armesto\",\"@id\":\"https:\\\/\\\/empatiacomunidad.com\\\/#\\\/schema\\\/person\\\/3330c2449c83d410be1a3ba095cf79ff\"},\"headline\":\"El problema no es el trabajo h\u00edbrido. Es el liderazgo\",\"datePublished\":\"2026-04-28T15:01:11+00:00\",\"dateModified\":\"2026-04-28T15:01:12+00:00\",\"mainEntityOfPage\":{\"@id\":\"https:\\\/\\\/empatiacomunidad.com\\\/el-problema-no-es-el-trabajo-hibrido-es-el-liderazgo\\\/\"},\"wordCount\":865,\"commentCount\":0,\"publisher\":{\"@id\":\"https:\\\/\\\/empatiacomunidad.com\\\/#organization\"},\"image\":{\"@id\":\"https:\\\/\\\/empatiacomunidad.com\\\/el-problema-no-es-el-trabajo-hibrido-es-el-liderazgo\\\/#primaryimage\"},\"thumbnailUrl\":\"https:\\\/\\\/empatiacomunidad.com\\\/wp-content\\\/uploads\\\/2026\\\/04\\\/2.png\",\"keywords\":[\"2026\",\"Claudia Armesto\",\"comunicaci\u00f3n\",\"Liderazgo\",\"Trabajo hibrido\"],\"articleSection\":[\"Novedades\"],\"inLanguage\":\"es\",\"potentialAction\":[{\"@type\":\"CommentAction\",\"name\":\"Comment\",\"target\":[\"https:\\\/\\\/empatiacomunidad.com\\\/el-problema-no-es-el-trabajo-hibrido-es-el-liderazgo\\\/#respond\"]}]},{\"@type\":\"WebPage\",\"@id\":\"https:\\\/\\\/empatiacomunidad.com\\\/el-problema-no-es-el-trabajo-hibrido-es-el-liderazgo\\\/\",\"url\":\"https:\\\/\\\/empatiacomunidad.com\\\/el-problema-no-es-el-trabajo-hibrido-es-el-liderazgo\\\/\",\"name\":\"El problema no es el trabajo h\u00edbrido. Es el liderazgo - Empat\u00eda Comunidad\",\"isPartOf\":{\"@id\":\"https:\\\/\\\/empatiacomunidad.com\\\/#website\"},\"primaryImageOfPage\":{\"@id\":\"https:\\\/\\\/empatiacomunidad.com\\\/el-problema-no-es-el-trabajo-hibrido-es-el-liderazgo\\\/#primaryimage\"},\"image\":{\"@id\":\"https:\\\/\\\/empatiacomunidad.com\\\/el-problema-no-es-el-trabajo-hibrido-es-el-liderazgo\\\/#primaryimage\"},\"thumbnailUrl\":\"https:\\\/\\\/empatiacomunidad.com\\\/wp-content\\\/uploads\\\/2026\\\/04\\\/2.png\",\"datePublished\":\"2026-04-28T15:01:11+00:00\",\"dateModified\":\"2026-04-28T15:01:12+00:00\",\"breadcrumb\":{\"@id\":\"https:\\\/\\\/empatiacomunidad.com\\\/el-problema-no-es-el-trabajo-hibrido-es-el-liderazgo\\\/#breadcrumb\"},\"inLanguage\":\"es\",\"potentialAction\":[{\"@type\":\"ReadAction\",\"target\":[\"https:\\\/\\\/empatiacomunidad.com\\\/el-problema-no-es-el-trabajo-hibrido-es-el-liderazgo\\\/\"]}]},{\"@type\":\"ImageObject\",\"inLanguage\":\"es\",\"@id\":\"https:\\\/\\\/empatiacomunidad.com\\\/el-problema-no-es-el-trabajo-hibrido-es-el-liderazgo\\\/#primaryimage\",\"url\":\"https:\\\/\\\/empatiacomunidad.com\\\/wp-content\\\/uploads\\\/2026\\\/04\\\/2.png\",\"contentUrl\":\"https:\\\/\\\/empatiacomunidad.com\\\/wp-content\\\/uploads\\\/2026\\\/04\\\/2.png\",\"width\":1534,\"height\":1026},{\"@type\":\"BreadcrumbList\",\"@id\":\"https:\\\/\\\/empatiacomunidad.com\\\/el-problema-no-es-el-trabajo-hibrido-es-el-liderazgo\\\/#breadcrumb\",\"itemListElement\":[{\"@type\":\"ListItem\",\"position\":1,\"name\":\"Inicio\",\"item\":\"https:\\\/\\\/empatiacomunidad.com\\\/\"},{\"@type\":\"ListItem\",\"position\":2,\"name\":\"El problema no es el trabajo h\u00edbrido. Es el liderazgo\"}]},{\"@type\":\"WebSite\",\"@id\":\"https:\\\/\\\/empatiacomunidad.com\\\/#website\",\"url\":\"https:\\\/\\\/empatiacomunidad.com\\\/\",\"name\":\"Empat\u00eda Comunidad\",\"description\":\"Soluciones de valor\",\"publisher\":{\"@id\":\"https:\\\/\\\/empatiacomunidad.com\\\/#organization\"},\"potentialAction\":[{\"@type\":\"SearchAction\",\"target\":{\"@type\":\"EntryPoint\",\"urlTemplate\":\"https:\\\/\\\/empatiacomunidad.com\\\/?s={search_term_string}\"},\"query-input\":{\"@type\":\"PropertyValueSpecification\",\"valueRequired\":true,\"valueName\":\"search_term_string\"}}],\"inLanguage\":\"es\"},{\"@type\":\"Organization\",\"@id\":\"https:\\\/\\\/empatiacomunidad.com\\\/#organization\",\"name\":\"Empat\u00eda Comunidad\",\"url\":\"https:\\\/\\\/empatiacomunidad.com\\\/\",\"logo\":{\"@type\":\"ImageObject\",\"inLanguage\":\"es\",\"@id\":\"https:\\\/\\\/empatiacomunidad.com\\\/#\\\/schema\\\/logo\\\/image\\\/\",\"url\":\"https:\\\/\\\/empatiacomunidad.com\\\/wp-content\\\/uploads\\\/2025\\\/10\\\/Logo-Empatia-Negro.svg\",\"contentUrl\":\"https:\\\/\\\/empatiacomunidad.com\\\/wp-content\\\/uploads\\\/2025\\\/10\\\/Logo-Empatia-Negro.svg\",\"width\":1096,\"height\":273,\"caption\":\"Empat\u00eda Comunidad\"},\"image\":{\"@id\":\"https:\\\/\\\/empatiacomunidad.com\\\/#\\\/schema\\\/logo\\\/image\\\/\"},\"sameAs\":[\"https:\\\/\\\/www.facebook.com\\\/Empatia.Comunidad\\\/\",\"https:\\\/\\\/x.com\\\/Empatia_comu\",\"https:\\\/\\\/www.instagram.com\\\/empatiacomunidad\\\/\",\"https:\\\/\\\/www.linkedin.com\\\/company\\\/1381791\\\/admin\\\/dashboard\\\/\",\"https:\\\/\\\/www.youtube.com\\\/channel\\\/UCF1LaQP8NqawOMXArRClGSQ?view_as=subscriber\",\"https:\\\/\\\/open.spotify.com\\\/episode\\\/5yzhSrOdzWfFu09ej3ySQ6?si=0Im7XIKrTFGDdW4YLm_-wA&nd=1&dlsi=5410931594894d10\"]},{\"@type\":\"Person\",\"@id\":\"https:\\\/\\\/empatiacomunidad.com\\\/#\\\/schema\\\/person\\\/3330c2449c83d410be1a3ba095cf79ff\",\"name\":\"claudia_armesto\",\"url\":\"https:\\\/\\\/empatiacomunidad.com\\\/es\\\/author\\\/claudia_armesto\\\/\"}]}<\/script>\n<!-- \/ Yoast SEO plugin. -->","yoast_head_json":{"title":"El problema no es el trabajo h\u00edbrido. Es el liderazgo - Empat\u00eda Comunidad","robots":{"index":"index","follow":"follow","max-snippet":"max-snippet:-1","max-image-preview":"max-image-preview:large","max-video-preview":"max-video-preview:-1"},"canonical":"https:\/\/empatiacomunidad.com\/es\/el-problema-no-es-el-trabajo-hibrido-es-el-liderazgo\/","og_locale":"es_ES","og_type":"article","og_title":"El problema no es el trabajo h\u00edbrido. Es el liderazgo - Empat\u00eda Comunidad","og_description":"No es c\u00f3mo trabajan las personas lo que est\u00e1 en cuesti\u00f3n, sino desde qu\u00e9 modelo de liderazgo se las gestiona.","og_url":"https:\/\/empatiacomunidad.com\/es\/el-problema-no-es-el-trabajo-hibrido-es-el-liderazgo\/","og_site_name":"Empat\u00eda Comunidad","article_publisher":"https:\/\/www.facebook.com\/Empatia.Comunidad\/","article_published_time":"2026-04-28T15:01:11+00:00","article_modified_time":"2026-04-28T15:01:12+00:00","og_image":[{"width":1024,"height":685,"url":"https:\/\/empatiacomunidad.com\/wp-content\/uploads\/2026\/04\/2-1024x685.png","type":"image\/png"}],"author":"claudia_armesto","twitter_card":"summary_large_image","twitter_creator":"@Empatia_comu","twitter_site":"@Empatia_comu","twitter_misc":{"Escrito por":"claudia_armesto","Tiempo de lectura":"4 minutos"},"schema":{"@context":"https:\/\/schema.org","@graph":[{"@type":"Article","@id":"https:\/\/empatiacomunidad.com\/el-problema-no-es-el-trabajo-hibrido-es-el-liderazgo\/#article","isPartOf":{"@id":"https:\/\/empatiacomunidad.com\/el-problema-no-es-el-trabajo-hibrido-es-el-liderazgo\/"},"author":{"name":"claudia_armesto","@id":"https:\/\/empatiacomunidad.com\/#\/schema\/person\/3330c2449c83d410be1a3ba095cf79ff"},"headline":"El problema no es el trabajo h\u00edbrido. Es el liderazgo","datePublished":"2026-04-28T15:01:11+00:00","dateModified":"2026-04-28T15:01:12+00:00","mainEntityOfPage":{"@id":"https:\/\/empatiacomunidad.com\/el-problema-no-es-el-trabajo-hibrido-es-el-liderazgo\/"},"wordCount":865,"commentCount":0,"publisher":{"@id":"https:\/\/empatiacomunidad.com\/#organization"},"image":{"@id":"https:\/\/empatiacomunidad.com\/el-problema-no-es-el-trabajo-hibrido-es-el-liderazgo\/#primaryimage"},"thumbnailUrl":"https:\/\/empatiacomunidad.com\/wp-content\/uploads\/2026\/04\/2.png","keywords":["2026","Claudia Armesto","comunicaci\u00f3n","Liderazgo","Trabajo hibrido"],"articleSection":["Novedades"],"inLanguage":"es","potentialAction":[{"@type":"CommentAction","name":"Comment","target":["https:\/\/empatiacomunidad.com\/el-problema-no-es-el-trabajo-hibrido-es-el-liderazgo\/#respond"]}]},{"@type":"WebPage","@id":"https:\/\/empatiacomunidad.com\/el-problema-no-es-el-trabajo-hibrido-es-el-liderazgo\/","url":"https:\/\/empatiacomunidad.com\/el-problema-no-es-el-trabajo-hibrido-es-el-liderazgo\/","name":"El problema no es el trabajo h\u00edbrido. Es el liderazgo - Empat\u00eda Comunidad","isPartOf":{"@id":"https:\/\/empatiacomunidad.com\/#website"},"primaryImageOfPage":{"@id":"https:\/\/empatiacomunidad.com\/el-problema-no-es-el-trabajo-hibrido-es-el-liderazgo\/#primaryimage"},"image":{"@id":"https:\/\/empatiacomunidad.com\/el-problema-no-es-el-trabajo-hibrido-es-el-liderazgo\/#primaryimage"},"thumbnailUrl":"https:\/\/empatiacomunidad.com\/wp-content\/uploads\/2026\/04\/2.png","datePublished":"2026-04-28T15:01:11+00:00","dateModified":"2026-04-28T15:01:12+00:00","breadcrumb":{"@id":"https:\/\/empatiacomunidad.com\/el-problema-no-es-el-trabajo-hibrido-es-el-liderazgo\/#breadcrumb"},"inLanguage":"es","potentialAction":[{"@type":"ReadAction","target":["https:\/\/empatiacomunidad.com\/el-problema-no-es-el-trabajo-hibrido-es-el-liderazgo\/"]}]},{"@type":"ImageObject","inLanguage":"es","@id":"https:\/\/empatiacomunidad.com\/el-problema-no-es-el-trabajo-hibrido-es-el-liderazgo\/#primaryimage","url":"https:\/\/empatiacomunidad.com\/wp-content\/uploads\/2026\/04\/2.png","contentUrl":"https:\/\/empatiacomunidad.com\/wp-content\/uploads\/2026\/04\/2.png","width":1534,"height":1026},{"@type":"BreadcrumbList","@id":"https:\/\/empatiacomunidad.com\/el-problema-no-es-el-trabajo-hibrido-es-el-liderazgo\/#breadcrumb","itemListElement":[{"@type":"ListItem","position":1,"name":"Inicio","item":"https:\/\/empatiacomunidad.com\/"},{"@type":"ListItem","position":2,"name":"El problema no es el trabajo h\u00edbrido. Es el liderazgo"}]},{"@type":"WebSite","@id":"https:\/\/empatiacomunidad.com\/#website","url":"https:\/\/empatiacomunidad.com\/","name":"Empat\u00eda Comunidad","description":"Soluciones de valor","publisher":{"@id":"https:\/\/empatiacomunidad.com\/#organization"},"potentialAction":[{"@type":"SearchAction","target":{"@type":"EntryPoint","urlTemplate":"https:\/\/empatiacomunidad.com\/?s={search_term_string}"},"query-input":{"@type":"PropertyValueSpecification","valueRequired":true,"valueName":"search_term_string"}}],"inLanguage":"es"},{"@type":"Organization","@id":"https:\/\/empatiacomunidad.com\/#organization","name":"Empat\u00eda Comunidad","url":"https:\/\/empatiacomunidad.com\/","logo":{"@type":"ImageObject","inLanguage":"es","@id":"https:\/\/empatiacomunidad.com\/#\/schema\/logo\/image\/","url":"https:\/\/empatiacomunidad.com\/wp-content\/uploads\/2025\/10\/Logo-Empatia-Negro.svg","contentUrl":"https:\/\/empatiacomunidad.com\/wp-content\/uploads\/2025\/10\/Logo-Empatia-Negro.svg","width":1096,"height":273,"caption":"Empat\u00eda Comunidad"},"image":{"@id":"https:\/\/empatiacomunidad.com\/#\/schema\/logo\/image\/"},"sameAs":["https:\/\/www.facebook.com\/Empatia.Comunidad\/","https:\/\/x.com\/Empatia_comu","https:\/\/www.instagram.com\/empatiacomunidad\/","https:\/\/www.linkedin.com\/company\/1381791\/admin\/dashboard\/","https:\/\/www.youtube.com\/channel\/UCF1LaQP8NqawOMXArRClGSQ?view_as=subscriber","https:\/\/open.spotify.com\/episode\/5yzhSrOdzWfFu09ej3ySQ6?si=0Im7XIKrTFGDdW4YLm_-wA&nd=1&dlsi=5410931594894d10"]},{"@type":"Person","@id":"https:\/\/empatiacomunidad.com\/#\/schema\/person\/3330c2449c83d410be1a3ba095cf79ff","name":"claudia_armesto","url":"https:\/\/empatiacomunidad.com\/es\/author\/claudia_armesto\/"}]}},"_links":{"self":[{"href":"https:\/\/empatiacomunidad.com\/es\/wp-json\/wp\/v2\/posts\/8252","targetHints":{"allow":["GET"]}}],"collection":[{"href":"https:\/\/empatiacomunidad.com\/es\/wp-json\/wp\/v2\/posts"}],"about":[{"href":"https:\/\/empatiacomunidad.com\/es\/wp-json\/wp\/v2\/types\/post"}],"author":[{"embeddable":true,"href":"https:\/\/empatiacomunidad.com\/es\/wp-json\/wp\/v2\/users\/2"}],"replies":[{"embeddable":true,"href":"https:\/\/empatiacomunidad.com\/es\/wp-json\/wp\/v2\/comments?post=8252"}],"version-history":[{"count":1,"href":"https:\/\/empatiacomunidad.com\/es\/wp-json\/wp\/v2\/posts\/8252\/revisions"}],"predecessor-version":[{"id":8254,"href":"https:\/\/empatiacomunidad.com\/es\/wp-json\/wp\/v2\/posts\/8252\/revisions\/8254"}],"wp:featuredmedia":[{"embeddable":true,"href":"https:\/\/empatiacomunidad.com\/es\/wp-json\/wp\/v2\/media\/8253"}],"wp:attachment":[{"href":"https:\/\/empatiacomunidad.com\/es\/wp-json\/wp\/v2\/media?parent=8252"}],"wp:term":[{"taxonomy":"category","embeddable":true,"href":"https:\/\/empatiacomunidad.com\/es\/wp-json\/wp\/v2\/categories?post=8252"},{"taxonomy":"post_tag","embeddable":true,"href":"https:\/\/empatiacomunidad.com\/es\/wp-json\/wp\/v2\/tags?post=8252"}],"curies":[{"name":"wp","href":"https:\/\/api.w.org\/{rel}","templated":true}]}}