{"id":8275,"date":"2026-04-28T15:17:57","date_gmt":"2026-04-28T15:17:57","guid":{"rendered":"https:\/\/empatiacomunidad.com\/?p=8275"},"modified":"2026-04-28T15:19:38","modified_gmt":"2026-04-28T15:19:38","slug":"el-problema-no-es-el-trabajo-hibrido-es-el-liderazgo-2","status":"publish","type":"post","link":"https:\/\/empatiacomunidad.com\/eng\/el-problema-no-es-el-trabajo-hibrido-es-el-liderazgo-2\/","title":{"rendered":"El problema no es el trabajo h\u00edbrido. Es el liderazgo"},"content":{"rendered":"<p>Queremos agradecer a \u00c1reas Globales por darle un espacio a Claudia Armesto, Directora de Empat\u00eda Comunidad.<\/p>\n\n\n\n<p>En muchas organizaciones se sigue discutiendo si el trabajo h\u00edbrido funciona, si afecta la productividad o si debilita la cultura. Sin embargo, el foco del problema parece estar desplazado. No es c\u00f3mo trabajan las personas lo que est\u00e1 en cuesti\u00f3n, sino desde qu\u00e9 modelo de liderazgo se las gestiona.<\/p>\n\n\n\n<p>\u201cEl debate sobre el trabajo h\u00edbrido sigue abierto. Pero el problema no es la modalidad, sino los modelos de gesti\u00f3n\u201d, puntualiza en esta nota la licenciada Claudia Armesto.<br><\/p>\n\n\n\n<p>Read the full story\u00a0<a href=\"https:\/\/areasglobales.com.ar\/actualidad-y-data\/el-problema-no-es-el-trabajo-hibrido-es-el-liderazgo\/\">here<\/a>.<br><a href=\"https:\/\/www.youtube.com\/@NuntiusRadioOnline\"><\/a><\/p>\n\n\n\n<p><\/p>","protected":false},"excerpt":{"rendered":"<figure class=\"wp-block-image size-large\"><img decoding=\"async\" src=\"https:\/\/empatiacomunidad.com\/wp-content\/uploads\/2026\/04\/Foto-nota-web-1534-x-1026-px-1.png\" alt=\"\" class=\"wp-image-858\"\/><\/figure>\n<p>\u00abEl problema no es el trabajo h\u00edbrido. Es el liderazgo\u00bb<\/br><a href=\"https:\/\/areasglobales.com.ar\/actualidad-y-data\/el-problema-no-es-el-trabajo-hibrido-es-el-liderazgo\/\" target=\"_blank\" rel=\"noopener noreferrer\" style=\"text-align: center\"> \u00c1REAS GLOBALES- ABRIL<br \/>\n 2026 <\/a><\/p>","protected":false},"author":2,"featured_media":8277,"comment_status":"open","ping_status":"open","sticky":false,"template":"","format":"standard","meta":{"footnotes":""},"categories":[558],"tags":[619,13,132,14,618,211,331,595],"class_list":["post-8275","post","type-post","status-publish","format-standard","has-post-thumbnail","hentry","category-prensa","tag-8m","tag-comunicacion","tag-empatia","tag-empatia-comunidad","tag-liderar","tag-marketing","tag-podcast","tag-redecir-2"],"yoast_head":"<!-- This site is optimized with the Yoast SEO plugin v27.4 - https:\/\/yoast.com\/product\/yoast-seo-wordpress\/ -->\n<title>El problema no es el trabajo h\u00edbrido. Es el liderazgo - Empat\u00eda Comunidad<\/title>\n<meta name=\"robots\" content=\"index, follow, max-snippet:-1, max-image-preview:large, max-video-preview:-1\" \/>\n<link rel=\"canonical\" href=\"https:\/\/empatiacomunidad.com\/eng\/el-problema-no-es-el-trabajo-hibrido-es-el-liderazgo-2\/\" \/>\n<meta property=\"og:locale\" content=\"en_GB\" \/>\n<meta property=\"og:type\" content=\"article\" \/>\n<meta property=\"og:title\" content=\"El problema no es el trabajo h\u00edbrido. Es el liderazgo - Empat\u00eda Comunidad\" \/>\n<meta property=\"og:description\" content=\"&quot;El problema no es el trabajo h\u00edbrido. Es el liderazgo&quot; \u00c1REAS GLOBALES- ABRIL 2026\" \/>\n<meta property=\"og:url\" content=\"https:\/\/empatiacomunidad.com\/eng\/el-problema-no-es-el-trabajo-hibrido-es-el-liderazgo-2\/\" \/>\n<meta property=\"og:site_name\" content=\"Empat\u00eda Comunidad\" \/>\n<meta property=\"article:publisher\" content=\"https:\/\/www.facebook.com\/Empatia.Comunidad\/\" \/>\n<meta property=\"article:published_time\" content=\"2026-04-28T15:17:57+00:00\" \/>\n<meta property=\"article:modified_time\" content=\"2026-04-28T15:19:38+00:00\" \/>\n<meta property=\"og:image\" content=\"https:\/\/empatiacomunidad.com\/wp-content\/uploads\/2026\/04\/Foto-nota-web-1534-x-1026-px-1.png\" \/>\n\t<meta property=\"og:image:width\" content=\"1534\" \/>\n\t<meta property=\"og:image:height\" content=\"1026\" \/>\n\t<meta property=\"og:image:type\" content=\"image\/png\" \/>\n<meta name=\"author\" content=\"claudia_armesto\" \/>\n<meta name=\"twitter:card\" content=\"summary_large_image\" \/>\n<meta name=\"twitter:creator\" content=\"@Empatia_comu\" \/>\n<meta name=\"twitter:site\" content=\"@Empatia_comu\" \/>\n<meta name=\"twitter:label1\" content=\"Written by\" \/>\n\t<meta name=\"twitter:data1\" content=\"claudia_armesto\" \/>\n\t<meta name=\"twitter:label2\" content=\"Estimated reading time\" \/>\n\t<meta name=\"twitter:data2\" content=\"1 minute\" \/>\n<script type=\"application\/ld+json\" class=\"yoast-schema-graph\">{\"@context\":\"https:\\\/\\\/schema.org\",\"@graph\":[{\"@type\":\"Article\",\"@id\":\"https:\\\/\\\/empatiacomunidad.com\\\/el-problema-no-es-el-trabajo-hibrido-es-el-liderazgo-2\\\/#article\",\"isPartOf\":{\"@id\":\"https:\\\/\\\/empatiacomunidad.com\\\/el-problema-no-es-el-trabajo-hibrido-es-el-liderazgo-2\\\/\"},\"author\":{\"name\":\"claudia_armesto\",\"@id\":\"https:\\\/\\\/empatiacomunidad.com\\\/#\\\/schema\\\/person\\\/3330c2449c83d410be1a3ba095cf79ff\"},\"headline\":\"El problema no es el trabajo h\u00edbrido. Es el liderazgo\",\"datePublished\":\"2026-04-28T15:17:57+00:00\",\"dateModified\":\"2026-04-28T15:19:38+00:00\",\"mainEntityOfPage\":{\"@id\":\"https:\\\/\\\/empatiacomunidad.com\\\/el-problema-no-es-el-trabajo-hibrido-es-el-liderazgo-2\\\/\"},\"wordCount\":115,\"commentCount\":0,\"publisher\":{\"@id\":\"https:\\\/\\\/empatiacomunidad.com\\\/#organization\"},\"image\":{\"@id\":\"https:\\\/\\\/empatiacomunidad.com\\\/el-problema-no-es-el-trabajo-hibrido-es-el-liderazgo-2\\\/#primaryimage\"},\"thumbnailUrl\":\"https:\\\/\\\/empatiacomunidad.com\\\/wp-content\\\/uploads\\\/2026\\\/04\\\/Foto-nota-web-1534-x-1026-px-1.png\",\"keywords\":[\"8M\",\"comunicaci\u00f3n\",\"empat\u00eda\",\"Empatia Comunidad\",\"Liderar\",\"Marketing\",\"Podcast\",\"REDECIR\"],\"articleSection\":[\"Prensa\"],\"inLanguage\":\"en-GB\",\"potentialAction\":[{\"@type\":\"CommentAction\",\"name\":\"Comment\",\"target\":[\"https:\\\/\\\/empatiacomunidad.com\\\/el-problema-no-es-el-trabajo-hibrido-es-el-liderazgo-2\\\/#respond\"]}]},{\"@type\":\"WebPage\",\"@id\":\"https:\\\/\\\/empatiacomunidad.com\\\/el-problema-no-es-el-trabajo-hibrido-es-el-liderazgo-2\\\/\",\"url\":\"https:\\\/\\\/empatiacomunidad.com\\\/el-problema-no-es-el-trabajo-hibrido-es-el-liderazgo-2\\\/\",\"name\":\"El problema no es el trabajo h\u00edbrido. Es el liderazgo - Empat\u00eda Comunidad\",\"isPartOf\":{\"@id\":\"https:\\\/\\\/empatiacomunidad.com\\\/#website\"},\"primaryImageOfPage\":{\"@id\":\"https:\\\/\\\/empatiacomunidad.com\\\/el-problema-no-es-el-trabajo-hibrido-es-el-liderazgo-2\\\/#primaryimage\"},\"image\":{\"@id\":\"https:\\\/\\\/empatiacomunidad.com\\\/el-problema-no-es-el-trabajo-hibrido-es-el-liderazgo-2\\\/#primaryimage\"},\"thumbnailUrl\":\"https:\\\/\\\/empatiacomunidad.com\\\/wp-content\\\/uploads\\\/2026\\\/04\\\/Foto-nota-web-1534-x-1026-px-1.png\",\"datePublished\":\"2026-04-28T15:17:57+00:00\",\"dateModified\":\"2026-04-28T15:19:38+00:00\",\"breadcrumb\":{\"@id\":\"https:\\\/\\\/empatiacomunidad.com\\\/el-problema-no-es-el-trabajo-hibrido-es-el-liderazgo-2\\\/#breadcrumb\"},\"inLanguage\":\"en-GB\",\"potentialAction\":[{\"@type\":\"ReadAction\",\"target\":[\"https:\\\/\\\/empatiacomunidad.com\\\/el-problema-no-es-el-trabajo-hibrido-es-el-liderazgo-2\\\/\"]}]},{\"@type\":\"ImageObject\",\"inLanguage\":\"en-GB\",\"@id\":\"https:\\\/\\\/empatiacomunidad.com\\\/el-problema-no-es-el-trabajo-hibrido-es-el-liderazgo-2\\\/#primaryimage\",\"url\":\"https:\\\/\\\/empatiacomunidad.com\\\/wp-content\\\/uploads\\\/2026\\\/04\\\/Foto-nota-web-1534-x-1026-px-1.png\",\"contentUrl\":\"https:\\\/\\\/empatiacomunidad.com\\\/wp-content\\\/uploads\\\/2026\\\/04\\\/Foto-nota-web-1534-x-1026-px-1.png\",\"width\":1534,\"height\":1026},{\"@type\":\"BreadcrumbList\",\"@id\":\"https:\\\/\\\/empatiacomunidad.com\\\/el-problema-no-es-el-trabajo-hibrido-es-el-liderazgo-2\\\/#breadcrumb\",\"itemListElement\":[{\"@type\":\"ListItem\",\"position\":1,\"name\":\"Inicio\",\"item\":\"https:\\\/\\\/empatiacomunidad.com\\\/\"},{\"@type\":\"ListItem\",\"position\":2,\"name\":\"El problema no es el trabajo h\u00edbrido. Es el liderazgo\"}]},{\"@type\":\"WebSite\",\"@id\":\"https:\\\/\\\/empatiacomunidad.com\\\/#website\",\"url\":\"https:\\\/\\\/empatiacomunidad.com\\\/\",\"name\":\"Empat\u00eda Comunidad\",\"description\":\"Soluciones de valor\",\"publisher\":{\"@id\":\"https:\\\/\\\/empatiacomunidad.com\\\/#organization\"},\"potentialAction\":[{\"@type\":\"SearchAction\",\"target\":{\"@type\":\"EntryPoint\",\"urlTemplate\":\"https:\\\/\\\/empatiacomunidad.com\\\/?s={search_term_string}\"},\"query-input\":{\"@type\":\"PropertyValueSpecification\",\"valueRequired\":true,\"valueName\":\"search_term_string\"}}],\"inLanguage\":\"en-GB\"},{\"@type\":\"Organization\",\"@id\":\"https:\\\/\\\/empatiacomunidad.com\\\/#organization\",\"name\":\"Empat\u00eda Comunidad\",\"url\":\"https:\\\/\\\/empatiacomunidad.com\\\/\",\"logo\":{\"@type\":\"ImageObject\",\"inLanguage\":\"en-GB\",\"@id\":\"https:\\\/\\\/empatiacomunidad.com\\\/#\\\/schema\\\/logo\\\/image\\\/\",\"url\":\"https:\\\/\\\/empatiacomunidad.com\\\/wp-content\\\/uploads\\\/2025\\\/10\\\/Logo-Empatia-Negro.svg\",\"contentUrl\":\"https:\\\/\\\/empatiacomunidad.com\\\/wp-content\\\/uploads\\\/2025\\\/10\\\/Logo-Empatia-Negro.svg\",\"width\":1096,\"height\":273,\"caption\":\"Empat\u00eda Comunidad\"},\"image\":{\"@id\":\"https:\\\/\\\/empatiacomunidad.com\\\/#\\\/schema\\\/logo\\\/image\\\/\"},\"sameAs\":[\"https:\\\/\\\/www.facebook.com\\\/Empatia.Comunidad\\\/\",\"https:\\\/\\\/x.com\\\/Empatia_comu\",\"https:\\\/\\\/www.instagram.com\\\/empatiacomunidad\\\/\",\"https:\\\/\\\/www.linkedin.com\\\/company\\\/1381791\\\/admin\\\/dashboard\\\/\",\"https:\\\/\\\/www.youtube.com\\\/channel\\\/UCF1LaQP8NqawOMXArRClGSQ?view_as=subscriber\",\"https:\\\/\\\/open.spotify.com\\\/episode\\\/5yzhSrOdzWfFu09ej3ySQ6?si=0Im7XIKrTFGDdW4YLm_-wA&nd=1&dlsi=5410931594894d10\"]},{\"@type\":\"Person\",\"@id\":\"https:\\\/\\\/empatiacomunidad.com\\\/#\\\/schema\\\/person\\\/3330c2449c83d410be1a3ba095cf79ff\",\"name\":\"claudia_armesto\",\"url\":\"https:\\\/\\\/empatiacomunidad.com\\\/eng\\\/author\\\/claudia_armesto\\\/\"}]}<\/script>\n<!-- \/ Yoast SEO plugin. -->","yoast_head_json":{"title":"El problema no es el trabajo h\u00edbrido. Es el liderazgo - Empat\u00eda Comunidad","robots":{"index":"index","follow":"follow","max-snippet":"max-snippet:-1","max-image-preview":"max-image-preview:large","max-video-preview":"max-video-preview:-1"},"canonical":"https:\/\/empatiacomunidad.com\/eng\/el-problema-no-es-el-trabajo-hibrido-es-el-liderazgo-2\/","og_locale":"en_GB","og_type":"article","og_title":"El problema no es el trabajo h\u00edbrido. Es el liderazgo - Empat\u00eda Comunidad","og_description":"\"El problema no es el trabajo h\u00edbrido. Es el liderazgo\" \u00c1REAS GLOBALES- ABRIL 2026","og_url":"https:\/\/empatiacomunidad.com\/eng\/el-problema-no-es-el-trabajo-hibrido-es-el-liderazgo-2\/","og_site_name":"Empat\u00eda Comunidad","article_publisher":"https:\/\/www.facebook.com\/Empatia.Comunidad\/","article_published_time":"2026-04-28T15:17:57+00:00","article_modified_time":"2026-04-28T15:19:38+00:00","og_image":[{"width":1534,"height":1026,"url":"https:\/\/empatiacomunidad.com\/wp-content\/uploads\/2026\/04\/Foto-nota-web-1534-x-1026-px-1.png","type":"image\/png"}],"author":"claudia_armesto","twitter_card":"summary_large_image","twitter_creator":"@Empatia_comu","twitter_site":"@Empatia_comu","twitter_misc":{"Written by":"claudia_armesto","Estimated reading time":"1 minute"},"schema":{"@context":"https:\/\/schema.org","@graph":[{"@type":"Article","@id":"https:\/\/empatiacomunidad.com\/el-problema-no-es-el-trabajo-hibrido-es-el-liderazgo-2\/#article","isPartOf":{"@id":"https:\/\/empatiacomunidad.com\/el-problema-no-es-el-trabajo-hibrido-es-el-liderazgo-2\/"},"author":{"name":"claudia_armesto","@id":"https:\/\/empatiacomunidad.com\/#\/schema\/person\/3330c2449c83d410be1a3ba095cf79ff"},"headline":"El problema no es el trabajo h\u00edbrido. Es el liderazgo","datePublished":"2026-04-28T15:17:57+00:00","dateModified":"2026-04-28T15:19:38+00:00","mainEntityOfPage":{"@id":"https:\/\/empatiacomunidad.com\/el-problema-no-es-el-trabajo-hibrido-es-el-liderazgo-2\/"},"wordCount":115,"commentCount":0,"publisher":{"@id":"https:\/\/empatiacomunidad.com\/#organization"},"image":{"@id":"https:\/\/empatiacomunidad.com\/el-problema-no-es-el-trabajo-hibrido-es-el-liderazgo-2\/#primaryimage"},"thumbnailUrl":"https:\/\/empatiacomunidad.com\/wp-content\/uploads\/2026\/04\/Foto-nota-web-1534-x-1026-px-1.png","keywords":["8M","comunicaci\u00f3n","empat\u00eda","Empatia Comunidad","Liderar","Marketing","Podcast","REDECIR"],"articleSection":["Prensa"],"inLanguage":"en-GB","potentialAction":[{"@type":"CommentAction","name":"Comment","target":["https:\/\/empatiacomunidad.com\/el-problema-no-es-el-trabajo-hibrido-es-el-liderazgo-2\/#respond"]}]},{"@type":"WebPage","@id":"https:\/\/empatiacomunidad.com\/el-problema-no-es-el-trabajo-hibrido-es-el-liderazgo-2\/","url":"https:\/\/empatiacomunidad.com\/el-problema-no-es-el-trabajo-hibrido-es-el-liderazgo-2\/","name":"El problema no es el trabajo h\u00edbrido. Es el liderazgo - Empat\u00eda Comunidad","isPartOf":{"@id":"https:\/\/empatiacomunidad.com\/#website"},"primaryImageOfPage":{"@id":"https:\/\/empatiacomunidad.com\/el-problema-no-es-el-trabajo-hibrido-es-el-liderazgo-2\/#primaryimage"},"image":{"@id":"https:\/\/empatiacomunidad.com\/el-problema-no-es-el-trabajo-hibrido-es-el-liderazgo-2\/#primaryimage"},"thumbnailUrl":"https:\/\/empatiacomunidad.com\/wp-content\/uploads\/2026\/04\/Foto-nota-web-1534-x-1026-px-1.png","datePublished":"2026-04-28T15:17:57+00:00","dateModified":"2026-04-28T15:19:38+00:00","breadcrumb":{"@id":"https:\/\/empatiacomunidad.com\/el-problema-no-es-el-trabajo-hibrido-es-el-liderazgo-2\/#breadcrumb"},"inLanguage":"en-GB","potentialAction":[{"@type":"ReadAction","target":["https:\/\/empatiacomunidad.com\/el-problema-no-es-el-trabajo-hibrido-es-el-liderazgo-2\/"]}]},{"@type":"ImageObject","inLanguage":"en-GB","@id":"https:\/\/empatiacomunidad.com\/el-problema-no-es-el-trabajo-hibrido-es-el-liderazgo-2\/#primaryimage","url":"https:\/\/empatiacomunidad.com\/wp-content\/uploads\/2026\/04\/Foto-nota-web-1534-x-1026-px-1.png","contentUrl":"https:\/\/empatiacomunidad.com\/wp-content\/uploads\/2026\/04\/Foto-nota-web-1534-x-1026-px-1.png","width":1534,"height":1026},{"@type":"BreadcrumbList","@id":"https:\/\/empatiacomunidad.com\/el-problema-no-es-el-trabajo-hibrido-es-el-liderazgo-2\/#breadcrumb","itemListElement":[{"@type":"ListItem","position":1,"name":"Inicio","item":"https:\/\/empatiacomunidad.com\/"},{"@type":"ListItem","position":2,"name":"El problema no es el trabajo h\u00edbrido. Es el liderazgo"}]},{"@type":"WebSite","@id":"https:\/\/empatiacomunidad.com\/#website","url":"https:\/\/empatiacomunidad.com\/","name":"Empathy Community","description":"Value solutions","publisher":{"@id":"https:\/\/empatiacomunidad.com\/#organization"},"potentialAction":[{"@type":"SearchAction","target":{"@type":"EntryPoint","urlTemplate":"https:\/\/empatiacomunidad.com\/?s={search_term_string}"},"query-input":{"@type":"PropertyValueSpecification","valueRequired":true,"valueName":"search_term_string"}}],"inLanguage":"en-GB"},{"@type":"Organization","@id":"https:\/\/empatiacomunidad.com\/#organization","name":"Empathy Community","url":"https:\/\/empatiacomunidad.com\/","logo":{"@type":"ImageObject","inLanguage":"en-GB","@id":"https:\/\/empatiacomunidad.com\/#\/schema\/logo\/image\/","url":"https:\/\/empatiacomunidad.com\/wp-content\/uploads\/2025\/10\/Logo-Empatia-Negro.svg","contentUrl":"https:\/\/empatiacomunidad.com\/wp-content\/uploads\/2025\/10\/Logo-Empatia-Negro.svg","width":1096,"height":273,"caption":"Empat\u00eda Comunidad"},"image":{"@id":"https:\/\/empatiacomunidad.com\/#\/schema\/logo\/image\/"},"sameAs":["https:\/\/www.facebook.com\/Empatia.Comunidad\/","https:\/\/x.com\/Empatia_comu","https:\/\/www.instagram.com\/empatiacomunidad\/","https:\/\/www.linkedin.com\/company\/1381791\/admin\/dashboard\/","https:\/\/www.youtube.com\/channel\/UCF1LaQP8NqawOMXArRClGSQ?view_as=subscriber","https:\/\/open.spotify.com\/episode\/5yzhSrOdzWfFu09ej3ySQ6?si=0Im7XIKrTFGDdW4YLm_-wA&nd=1&dlsi=5410931594894d10"]},{"@type":"Person","@id":"https:\/\/empatiacomunidad.com\/#\/schema\/person\/3330c2449c83d410be1a3ba095cf79ff","name":"claudia_armesto","url":"https:\/\/empatiacomunidad.com\/eng\/author\/claudia_armesto\/"}]}},"_links":{"self":[{"href":"https:\/\/empatiacomunidad.com\/eng\/wp-json\/wp\/v2\/posts\/8275","targetHints":{"allow":["GET"]}}],"collection":[{"href":"https:\/\/empatiacomunidad.com\/eng\/wp-json\/wp\/v2\/posts"}],"about":[{"href":"https:\/\/empatiacomunidad.com\/eng\/wp-json\/wp\/v2\/types\/post"}],"author":[{"embeddable":true,"href":"https:\/\/empatiacomunidad.com\/eng\/wp-json\/wp\/v2\/users\/2"}],"replies":[{"embeddable":true,"href":"https:\/\/empatiacomunidad.com\/eng\/wp-json\/wp\/v2\/comments?post=8275"}],"version-history":[{"count":2,"href":"https:\/\/empatiacomunidad.com\/eng\/wp-json\/wp\/v2\/posts\/8275\/revisions"}],"predecessor-version":[{"id":8279,"href":"https:\/\/empatiacomunidad.com\/eng\/wp-json\/wp\/v2\/posts\/8275\/revisions\/8279"}],"wp:featuredmedia":[{"embeddable":true,"href":"https:\/\/empatiacomunidad.com\/eng\/wp-json\/wp\/v2\/media\/8277"}],"wp:attachment":[{"href":"https:\/\/empatiacomunidad.com\/eng\/wp-json\/wp\/v2\/media?parent=8275"}],"wp:term":[{"taxonomy":"category","embeddable":true,"href":"https:\/\/empatiacomunidad.com\/eng\/wp-json\/wp\/v2\/categories?post=8275"},{"taxonomy":"post_tag","embeddable":true,"href":"https:\/\/empatiacomunidad.com\/eng\/wp-json\/wp\/v2\/tags?post=8275"}],"curies":[{"name":"wp","href":"https:\/\/api.w.org\/{rel}","templated":true}]}}