{"id":7906,"date":"2026-02-05T16:35:20","date_gmt":"2026-02-05T16:35:20","guid":{"rendered":"https:\/\/empatiacomunidad.com\/?p=7906"},"modified":"2026-02-05T16:35:20","modified_gmt":"2026-02-05T16:35:20","slug":"redecir-the-new-empath-community-podcast-that-proposes-to-change-the-way-we-communicate","status":"publish","type":"post","link":"https:\/\/empatiacomunidad.com\/eng\/redecir-the-new-empath-community-podcast-that-proposes-to-change-the-way-we-communicate\/","title":{"rendered":"RE|DECIR, the new Empat\u00eda Comunidad podcast that proposes to change the way we communicate"},"content":{"rendered":"<p>In a context saturated with information, automatisms and empty discourses, <em>Empathy Community<\/em> spear <strong>RE|DECIR<\/strong>, a podcast that invites us to rethink how we communicate from a more human, strategic and conscious perspective.<\/p>\n\n\n\n<p>\ud83c\udfa7 <strong>Episode 1: The 3Rs of Saying - The Model and Why it Matters Today<br><\/strong>\ud83d\udc49 Listen on Spotify (with video): <a href=\"https:\/\/open.spotify.com\/episode\/5yzhSrOdzWfFu09ej3ySQ6?si=rOwy2oomQ4CyhGctY2pL4Q\">https:\/\/open.spotify.com\/episode\/5yzhSrOdzWfFu09ej3ySQ6?si=rOwy2oomQ4CyhGctY2pL4Q\u00a0\u00a0\u00a0<\/a><\/p>\n\n\n\n<p>In this first episode, <strong>Claudia Armesto<\/strong>, The founder and strategic director of Empat\u00eda Comunidad, speaks with co-host <strong>Patricia Martin<\/strong> on the model of the <strong>3Rs of Saying<\/strong>: <em>Reduce, Rethink and Resignify<\/em>. A proposal that translates the principles of sustainability into language, as a way of transforming links, leadership and organisational messages.<\/p>\n\n\n\n<p><em>\u201cRE|DECIR is an invitation to slow down, not to talk for the sake of talking. To choose with conscience what we say, what we keep silent about and what we give new meaning to\u201d.\u201d<\/em> \u2013 <strong>Claudia Armesto<\/strong><\/p>\n\n\n\n<p><em>\u201cIn a world full of messages, communicating with purpose is an act of care. Care for those who listen, for those who receive and for what we build with every word\u201d.\u201d<\/em><\/p>\n\n\n\n<p>The model was born out of a specific need: to accompany leaders, teams and organisations that want to move from automated communication to one that is more ethical, authentic and aligned with their values.<\/p>\n\n\n\n<p><strong>Axes of the RE|DECIR model<\/strong>:<\/p>\n\n\n\n<ul class=\"wp-block-list\">\n<li><strong>Reduce<\/strong>: cut through the noise and get back to basics.<\/li>\n\n\n\n<li><strong>Rethink<\/strong>: revising our automatic narratives.<\/li>\n\n\n\n<li><strong>Resignifying<\/strong>Connecting language with new meanings and purposes.<\/li>\n<\/ul>\n\n\n\n<p><\/p>\n\n\n\n<p><strong>Who it is for?<\/strong><strong><br><\/strong>Communication professionals, leaders, consultants, journalists, educators and anyone interested in transforming the way they speak. It is also a tool for organisations seeking to align their culture with more conscious communication.<\/p>\n\n\n\n<p><\/p>\n\n\n\n<p><\/p>\n\n\n\n<p><\/p>\n\n\n\n<p><\/p>\n\n\n\n<p><\/p>\n\n\n\n<p><\/p>\n\n\n\n<p><\/p>\n\n\n\n<p><\/p>\n\n\n\n<p><\/p>\n\n\n\n<p><\/p>\n\n\n\n<p><\/p>\n\n\n\n<p><\/p>\n\n\n\n<p><\/p>\n\n\n\n<p><\/p>\n\n\n\n<p><\/p>\n\n\n\n<p><\/p>","protected":false},"excerpt":{"rendered":"<p>In a context saturated with information, automatisms and empty discourses, Empat\u00eda Comunidad launches RE|DECIR, a podcast that invites us to rethink how we communicate from a more human, strategic and conscious perspective.<\/p>","protected":false},"author":2,"featured_media":7910,"comment_status":"open","ping_status":"open","sticky":false,"template":"","format":"standard","meta":{"footnotes":""},"categories":[10],"tags":[12,13,14,582],"class_list":["post-7906","post","type-post","status-publish","format-standard","has-post-thumbnail","hentry","category-novedades","tag-claudia-armesto","tag-comunicacion","tag-empatia-comunidad","tag-redecir"],"yoast_head":"<!-- This site is optimized with the Yoast SEO plugin v27.4 - https:\/\/yoast.com\/product\/yoast-seo-wordpress\/ -->\n<title>RE|DECIR, el nuevo podcast de Empat\u00eda Comunidad que propone cambiar la forma en que comunicamos - Empat\u00eda Comunidad<\/title>\n<meta name=\"robots\" content=\"index, follow, max-snippet:-1, max-image-preview:large, max-video-preview:-1\" \/>\n<link rel=\"canonical\" href=\"https:\/\/empatiacomunidad.com\/eng\/redecir-the-new-empath-community-podcast-that-proposes-to-change-the-way-we-communicate\/\" \/>\n<meta property=\"og:locale\" content=\"en_GB\" \/>\n<meta property=\"og:type\" content=\"article\" \/>\n<meta property=\"og:title\" content=\"RE|DECIR, el nuevo podcast de Empat\u00eda Comunidad que propone cambiar la forma en que comunicamos - Empat\u00eda Comunidad\" \/>\n<meta property=\"og:description\" content=\"En un contexto saturado de informaci\u00f3n, automatismos y discursos vac\u00edos, Empat\u00eda Comunidad lanza RE|DECIR, un podcast que invita a repensar c\u00f3mo nos comunicamos desde una perspectiva m\u00e1s humana, estrat\u00e9gica y consciente.\" \/>\n<meta property=\"og:url\" content=\"https:\/\/empatiacomunidad.com\/eng\/redecir-the-new-empath-community-podcast-that-proposes-to-change-the-way-we-communicate\/\" \/>\n<meta property=\"og:site_name\" content=\"Empat\u00eda Comunidad\" \/>\n<meta property=\"article:publisher\" content=\"https:\/\/www.facebook.com\/Empatia.Comunidad\/\" \/>\n<meta property=\"article:published_time\" content=\"2026-02-05T16:35:20+00:00\" \/>\n<meta property=\"og:image\" content=\"https:\/\/empatiacomunidad.com\/wp-content\/uploads\/2026\/02\/IMAGENES-SITIO-WEB-EMPATIA-1.png\" \/>\n\t<meta property=\"og:image:width\" content=\"900\" \/>\n\t<meta property=\"og:image:height\" content=\"600\" \/>\n\t<meta property=\"og:image:type\" content=\"image\/png\" \/>\n<meta name=\"author\" content=\"claudia_armesto\" \/>\n<meta name=\"twitter:card\" content=\"summary_large_image\" \/>\n<meta name=\"twitter:creator\" content=\"@Empatia_comu\" \/>\n<meta name=\"twitter:site\" content=\"@Empatia_comu\" \/>\n<meta name=\"twitter:label1\" content=\"Written by\" \/>\n\t<meta name=\"twitter:data1\" content=\"claudia_armesto\" \/>\n\t<meta name=\"twitter:label2\" content=\"Estimated reading time\" \/>\n\t<meta name=\"twitter:data2\" content=\"2 minutes\" \/>\n<script type=\"application\/ld+json\" class=\"yoast-schema-graph\">{\"@context\":\"https:\\\/\\\/schema.org\",\"@graph\":[{\"@type\":\"Article\",\"@id\":\"https:\\\/\\\/empatiacomunidad.com\\\/redecir-el-nuevo-podcast-de-empatia-comunidad-que-propone-cambiar-la-forma-en-que-comunicamos\\\/#article\",\"isPartOf\":{\"@id\":\"https:\\\/\\\/empatiacomunidad.com\\\/redecir-el-nuevo-podcast-de-empatia-comunidad-que-propone-cambiar-la-forma-en-que-comunicamos\\\/\"},\"author\":{\"name\":\"claudia_armesto\",\"@id\":\"https:\\\/\\\/empatiacomunidad.com\\\/#\\\/schema\\\/person\\\/3330c2449c83d410be1a3ba095cf79ff\"},\"headline\":\"RE|DECIR, el nuevo podcast de Empat\u00eda Comunidad que propone cambiar la forma en que comunicamos\",\"datePublished\":\"2026-02-05T16:35:20+00:00\",\"mainEntityOfPage\":{\"@id\":\"https:\\\/\\\/empatiacomunidad.com\\\/redecir-el-nuevo-podcast-de-empatia-comunidad-que-propone-cambiar-la-forma-en-que-comunicamos\\\/\"},\"wordCount\":312,\"commentCount\":0,\"publisher\":{\"@id\":\"https:\\\/\\\/empatiacomunidad.com\\\/#organization\"},\"image\":{\"@id\":\"https:\\\/\\\/empatiacomunidad.com\\\/redecir-el-nuevo-podcast-de-empatia-comunidad-que-propone-cambiar-la-forma-en-que-comunicamos\\\/#primaryimage\"},\"thumbnailUrl\":\"https:\\\/\\\/empatiacomunidad.com\\\/wp-content\\\/uploads\\\/2026\\\/02\\\/IMAGENES-SITIO-WEB-EMPATIA-1.png\",\"keywords\":[\"Claudia Armesto\",\"comunicaci\u00f3n\",\"Empatia Comunidad\",\"RE|DECIR\"],\"articleSection\":[\"Novedades\"],\"inLanguage\":\"en-GB\",\"potentialAction\":[{\"@type\":\"CommentAction\",\"name\":\"Comment\",\"target\":[\"https:\\\/\\\/empatiacomunidad.com\\\/redecir-el-nuevo-podcast-de-empatia-comunidad-que-propone-cambiar-la-forma-en-que-comunicamos\\\/#respond\"]}]},{\"@type\":\"WebPage\",\"@id\":\"https:\\\/\\\/empatiacomunidad.com\\\/redecir-el-nuevo-podcast-de-empatia-comunidad-que-propone-cambiar-la-forma-en-que-comunicamos\\\/\",\"url\":\"https:\\\/\\\/empatiacomunidad.com\\\/redecir-el-nuevo-podcast-de-empatia-comunidad-que-propone-cambiar-la-forma-en-que-comunicamos\\\/\",\"name\":\"RE|DECIR, el nuevo podcast de Empat\u00eda Comunidad que propone cambiar la forma en que comunicamos - Empat\u00eda Comunidad\",\"isPartOf\":{\"@id\":\"https:\\\/\\\/empatiacomunidad.com\\\/#website\"},\"primaryImageOfPage\":{\"@id\":\"https:\\\/\\\/empatiacomunidad.com\\\/redecir-el-nuevo-podcast-de-empatia-comunidad-que-propone-cambiar-la-forma-en-que-comunicamos\\\/#primaryimage\"},\"image\":{\"@id\":\"https:\\\/\\\/empatiacomunidad.com\\\/redecir-el-nuevo-podcast-de-empatia-comunidad-que-propone-cambiar-la-forma-en-que-comunicamos\\\/#primaryimage\"},\"thumbnailUrl\":\"https:\\\/\\\/empatiacomunidad.com\\\/wp-content\\\/uploads\\\/2026\\\/02\\\/IMAGENES-SITIO-WEB-EMPATIA-1.png\",\"datePublished\":\"2026-02-05T16:35:20+00:00\",\"breadcrumb\":{\"@id\":\"https:\\\/\\\/empatiacomunidad.com\\\/redecir-el-nuevo-podcast-de-empatia-comunidad-que-propone-cambiar-la-forma-en-que-comunicamos\\\/#breadcrumb\"},\"inLanguage\":\"en-GB\",\"potentialAction\":[{\"@type\":\"ReadAction\",\"target\":[\"https:\\\/\\\/empatiacomunidad.com\\\/redecir-el-nuevo-podcast-de-empatia-comunidad-que-propone-cambiar-la-forma-en-que-comunicamos\\\/\"]}]},{\"@type\":\"ImageObject\",\"inLanguage\":\"en-GB\",\"@id\":\"https:\\\/\\\/empatiacomunidad.com\\\/redecir-el-nuevo-podcast-de-empatia-comunidad-que-propone-cambiar-la-forma-en-que-comunicamos\\\/#primaryimage\",\"url\":\"https:\\\/\\\/empatiacomunidad.com\\\/wp-content\\\/uploads\\\/2026\\\/02\\\/IMAGENES-SITIO-WEB-EMPATIA-1.png\",\"contentUrl\":\"https:\\\/\\\/empatiacomunidad.com\\\/wp-content\\\/uploads\\\/2026\\\/02\\\/IMAGENES-SITIO-WEB-EMPATIA-1.png\",\"width\":900,\"height\":600},{\"@type\":\"BreadcrumbList\",\"@id\":\"https:\\\/\\\/empatiacomunidad.com\\\/redecir-el-nuevo-podcast-de-empatia-comunidad-que-propone-cambiar-la-forma-en-que-comunicamos\\\/#breadcrumb\",\"itemListElement\":[{\"@type\":\"ListItem\",\"position\":1,\"name\":\"Inicio\",\"item\":\"https:\\\/\\\/empatiacomunidad.com\\\/\"},{\"@type\":\"ListItem\",\"position\":2,\"name\":\"RE|DECIR, el nuevo podcast de Empat\u00eda Comunidad que propone cambiar la forma en que comunicamos\"}]},{\"@type\":\"WebSite\",\"@id\":\"https:\\\/\\\/empatiacomunidad.com\\\/#website\",\"url\":\"https:\\\/\\\/empatiacomunidad.com\\\/\",\"name\":\"Empat\u00eda Comunidad\",\"description\":\"Soluciones de valor\",\"publisher\":{\"@id\":\"https:\\\/\\\/empatiacomunidad.com\\\/#organization\"},\"potentialAction\":[{\"@type\":\"SearchAction\",\"target\":{\"@type\":\"EntryPoint\",\"urlTemplate\":\"https:\\\/\\\/empatiacomunidad.com\\\/?s={search_term_string}\"},\"query-input\":{\"@type\":\"PropertyValueSpecification\",\"valueRequired\":true,\"valueName\":\"search_term_string\"}}],\"inLanguage\":\"en-GB\"},{\"@type\":\"Organization\",\"@id\":\"https:\\\/\\\/empatiacomunidad.com\\\/#organization\",\"name\":\"Empat\u00eda Comunidad\",\"url\":\"https:\\\/\\\/empatiacomunidad.com\\\/\",\"logo\":{\"@type\":\"ImageObject\",\"inLanguage\":\"en-GB\",\"@id\":\"https:\\\/\\\/empatiacomunidad.com\\\/#\\\/schema\\\/logo\\\/image\\\/\",\"url\":\"https:\\\/\\\/empatiacomunidad.com\\\/wp-content\\\/uploads\\\/2025\\\/10\\\/Logo-Empatia-Negro.svg\",\"contentUrl\":\"https:\\\/\\\/empatiacomunidad.com\\\/wp-content\\\/uploads\\\/2025\\\/10\\\/Logo-Empatia-Negro.svg\",\"width\":1096,\"height\":273,\"caption\":\"Empat\u00eda Comunidad\"},\"image\":{\"@id\":\"https:\\\/\\\/empatiacomunidad.com\\\/#\\\/schema\\\/logo\\\/image\\\/\"},\"sameAs\":[\"https:\\\/\\\/www.facebook.com\\\/Empatia.Comunidad\\\/\",\"https:\\\/\\\/x.com\\\/Empatia_comu\",\"https:\\\/\\\/www.instagram.com\\\/empatiacomunidad\\\/\",\"https:\\\/\\\/www.linkedin.com\\\/company\\\/1381791\\\/admin\\\/dashboard\\\/\",\"https:\\\/\\\/www.youtube.com\\\/channel\\\/UCF1LaQP8NqawOMXArRClGSQ?view_as=subscriber\",\"https:\\\/\\\/open.spotify.com\\\/episode\\\/5yzhSrOdzWfFu09ej3ySQ6?si=0Im7XIKrTFGDdW4YLm_-wA&nd=1&dlsi=5410931594894d10\"]},{\"@type\":\"Person\",\"@id\":\"https:\\\/\\\/empatiacomunidad.com\\\/#\\\/schema\\\/person\\\/3330c2449c83d410be1a3ba095cf79ff\",\"name\":\"claudia_armesto\",\"url\":\"https:\\\/\\\/empatiacomunidad.com\\\/eng\\\/author\\\/claudia_armesto\\\/\"}]}<\/script>\n<!-- \/ Yoast SEO plugin. -->","yoast_head_json":{"title":"RE|DECIR, the new Empat\u00eda Comunidad podcast that proposes to change the way we communicate - Empat\u00eda Comunidad","robots":{"index":"index","follow":"follow","max-snippet":"max-snippet:-1","max-image-preview":"max-image-preview:large","max-video-preview":"max-video-preview:-1"},"canonical":"https:\/\/empatiacomunidad.com\/eng\/redecir-the-new-empath-community-podcast-that-proposes-to-change-the-way-we-communicate\/","og_locale":"en_GB","og_type":"article","og_title":"RE|DECIR, el nuevo podcast de Empat\u00eda Comunidad que propone cambiar la forma en que comunicamos - Empat\u00eda Comunidad","og_description":"En un contexto saturado de informaci\u00f3n, automatismos y discursos vac\u00edos, Empat\u00eda Comunidad lanza RE|DECIR, un podcast que invita a repensar c\u00f3mo nos comunicamos desde una perspectiva m\u00e1s humana, estrat\u00e9gica y consciente.","og_url":"https:\/\/empatiacomunidad.com\/eng\/redecir-the-new-empath-community-podcast-that-proposes-to-change-the-way-we-communicate\/","og_site_name":"Empat\u00eda Comunidad","article_publisher":"https:\/\/www.facebook.com\/Empatia.Comunidad\/","article_published_time":"2026-02-05T16:35:20+00:00","og_image":[{"width":900,"height":600,"url":"https:\/\/empatiacomunidad.com\/wp-content\/uploads\/2026\/02\/IMAGENES-SITIO-WEB-EMPATIA-1.png","type":"image\/png"}],"author":"claudia_armesto","twitter_card":"summary_large_image","twitter_creator":"@Empatia_comu","twitter_site":"@Empatia_comu","twitter_misc":{"Written by":"claudia_armesto","Estimated reading time":"2 minutes"},"schema":{"@context":"https:\/\/schema.org","@graph":[{"@type":"Article","@id":"https:\/\/empatiacomunidad.com\/redecir-el-nuevo-podcast-de-empatia-comunidad-que-propone-cambiar-la-forma-en-que-comunicamos\/#article","isPartOf":{"@id":"https:\/\/empatiacomunidad.com\/redecir-el-nuevo-podcast-de-empatia-comunidad-que-propone-cambiar-la-forma-en-que-comunicamos\/"},"author":{"name":"claudia_armesto","@id":"https:\/\/empatiacomunidad.com\/#\/schema\/person\/3330c2449c83d410be1a3ba095cf79ff"},"headline":"RE|DECIR, el nuevo podcast de Empat\u00eda Comunidad que propone cambiar la forma en que comunicamos","datePublished":"2026-02-05T16:35:20+00:00","mainEntityOfPage":{"@id":"https:\/\/empatiacomunidad.com\/redecir-el-nuevo-podcast-de-empatia-comunidad-que-propone-cambiar-la-forma-en-que-comunicamos\/"},"wordCount":312,"commentCount":0,"publisher":{"@id":"https:\/\/empatiacomunidad.com\/#organization"},"image":{"@id":"https:\/\/empatiacomunidad.com\/redecir-el-nuevo-podcast-de-empatia-comunidad-que-propone-cambiar-la-forma-en-que-comunicamos\/#primaryimage"},"thumbnailUrl":"https:\/\/empatiacomunidad.com\/wp-content\/uploads\/2026\/02\/IMAGENES-SITIO-WEB-EMPATIA-1.png","keywords":["Claudia Armesto","comunicaci\u00f3n","Empatia Comunidad","RE|DECIR"],"articleSection":["Novedades"],"inLanguage":"en-GB","potentialAction":[{"@type":"CommentAction","name":"Comment","target":["https:\/\/empatiacomunidad.com\/redecir-el-nuevo-podcast-de-empatia-comunidad-que-propone-cambiar-la-forma-en-que-comunicamos\/#respond"]}]},{"@type":"WebPage","@id":"https:\/\/empatiacomunidad.com\/redecir-el-nuevo-podcast-de-empatia-comunidad-que-propone-cambiar-la-forma-en-que-comunicamos\/","url":"https:\/\/empatiacomunidad.com\/redecir-el-nuevo-podcast-de-empatia-comunidad-que-propone-cambiar-la-forma-en-que-comunicamos\/","name":"RE|DECIR, the new Empat\u00eda Comunidad podcast that proposes to change the way we communicate - Empat\u00eda Comunidad","isPartOf":{"@id":"https:\/\/empatiacomunidad.com\/#website"},"primaryImageOfPage":{"@id":"https:\/\/empatiacomunidad.com\/redecir-el-nuevo-podcast-de-empatia-comunidad-que-propone-cambiar-la-forma-en-que-comunicamos\/#primaryimage"},"image":{"@id":"https:\/\/empatiacomunidad.com\/redecir-el-nuevo-podcast-de-empatia-comunidad-que-propone-cambiar-la-forma-en-que-comunicamos\/#primaryimage"},"thumbnailUrl":"https:\/\/empatiacomunidad.com\/wp-content\/uploads\/2026\/02\/IMAGENES-SITIO-WEB-EMPATIA-1.png","datePublished":"2026-02-05T16:35:20+00:00","breadcrumb":{"@id":"https:\/\/empatiacomunidad.com\/redecir-el-nuevo-podcast-de-empatia-comunidad-que-propone-cambiar-la-forma-en-que-comunicamos\/#breadcrumb"},"inLanguage":"en-GB","potentialAction":[{"@type":"ReadAction","target":["https:\/\/empatiacomunidad.com\/redecir-el-nuevo-podcast-de-empatia-comunidad-que-propone-cambiar-la-forma-en-que-comunicamos\/"]}]},{"@type":"ImageObject","inLanguage":"en-GB","@id":"https:\/\/empatiacomunidad.com\/redecir-el-nuevo-podcast-de-empatia-comunidad-que-propone-cambiar-la-forma-en-que-comunicamos\/#primaryimage","url":"https:\/\/empatiacomunidad.com\/wp-content\/uploads\/2026\/02\/IMAGENES-SITIO-WEB-EMPATIA-1.png","contentUrl":"https:\/\/empatiacomunidad.com\/wp-content\/uploads\/2026\/02\/IMAGENES-SITIO-WEB-EMPATIA-1.png","width":900,"height":600},{"@type":"BreadcrumbList","@id":"https:\/\/empatiacomunidad.com\/redecir-el-nuevo-podcast-de-empatia-comunidad-que-propone-cambiar-la-forma-en-que-comunicamos\/#breadcrumb","itemListElement":[{"@type":"ListItem","position":1,"name":"Inicio","item":"https:\/\/empatiacomunidad.com\/"},{"@type":"ListItem","position":2,"name":"RE|DECIR, el nuevo podcast de Empat\u00eda Comunidad que propone cambiar la forma en que comunicamos"}]},{"@type":"WebSite","@id":"https:\/\/empatiacomunidad.com\/#website","url":"https:\/\/empatiacomunidad.com\/","name":"Empathy Community","description":"Value solutions","publisher":{"@id":"https:\/\/empatiacomunidad.com\/#organization"},"potentialAction":[{"@type":"SearchAction","target":{"@type":"EntryPoint","urlTemplate":"https:\/\/empatiacomunidad.com\/?s={search_term_string}"},"query-input":{"@type":"PropertyValueSpecification","valueRequired":true,"valueName":"search_term_string"}}],"inLanguage":"en-GB"},{"@type":"Organization","@id":"https:\/\/empatiacomunidad.com\/#organization","name":"Empathy Community","url":"https:\/\/empatiacomunidad.com\/","logo":{"@type":"ImageObject","inLanguage":"en-GB","@id":"https:\/\/empatiacomunidad.com\/#\/schema\/logo\/image\/","url":"https:\/\/empatiacomunidad.com\/wp-content\/uploads\/2025\/10\/Logo-Empatia-Negro.svg","contentUrl":"https:\/\/empatiacomunidad.com\/wp-content\/uploads\/2025\/10\/Logo-Empatia-Negro.svg","width":1096,"height":273,"caption":"Empat\u00eda Comunidad"},"image":{"@id":"https:\/\/empatiacomunidad.com\/#\/schema\/logo\/image\/"},"sameAs":["https:\/\/www.facebook.com\/Empatia.Comunidad\/","https:\/\/x.com\/Empatia_comu","https:\/\/www.instagram.com\/empatiacomunidad\/","https:\/\/www.linkedin.com\/company\/1381791\/admin\/dashboard\/","https:\/\/www.youtube.com\/channel\/UCF1LaQP8NqawOMXArRClGSQ?view_as=subscriber","https:\/\/open.spotify.com\/episode\/5yzhSrOdzWfFu09ej3ySQ6?si=0Im7XIKrTFGDdW4YLm_-wA&nd=1&dlsi=5410931594894d10"]},{"@type":"Person","@id":"https:\/\/empatiacomunidad.com\/#\/schema\/person\/3330c2449c83d410be1a3ba095cf79ff","name":"claudia_armesto","url":"https:\/\/empatiacomunidad.com\/eng\/author\/claudia_armesto\/"}]}},"_links":{"self":[{"href":"https:\/\/empatiacomunidad.com\/eng\/wp-json\/wp\/v2\/posts\/7906","targetHints":{"allow":["GET"]}}],"collection":[{"href":"https:\/\/empatiacomunidad.com\/eng\/wp-json\/wp\/v2\/posts"}],"about":[{"href":"https:\/\/empatiacomunidad.com\/eng\/wp-json\/wp\/v2\/types\/post"}],"author":[{"embeddable":true,"href":"https:\/\/empatiacomunidad.com\/eng\/wp-json\/wp\/v2\/users\/2"}],"replies":[{"embeddable":true,"href":"https:\/\/empatiacomunidad.com\/eng\/wp-json\/wp\/v2\/comments?post=7906"}],"version-history":[{"count":3,"href":"https:\/\/empatiacomunidad.com\/eng\/wp-json\/wp\/v2\/posts\/7906\/revisions"}],"predecessor-version":[{"id":7911,"href":"https:\/\/empatiacomunidad.com\/eng\/wp-json\/wp\/v2\/posts\/7906\/revisions\/7911"}],"wp:featuredmedia":[{"embeddable":true,"href":"https:\/\/empatiacomunidad.com\/eng\/wp-json\/wp\/v2\/media\/7910"}],"wp:attachment":[{"href":"https:\/\/empatiacomunidad.com\/eng\/wp-json\/wp\/v2\/media?parent=7906"}],"wp:term":[{"taxonomy":"category","embeddable":true,"href":"https:\/\/empatiacomunidad.com\/eng\/wp-json\/wp\/v2\/categories?post=7906"},{"taxonomy":"post_tag","embeddable":true,"href":"https:\/\/empatiacomunidad.com\/eng\/wp-json\/wp\/v2\/tags?post=7906"}],"curies":[{"name":"wp","href":"https:\/\/api.w.org\/{rel}","templated":true}]}}